{"id":32044,"date":"2020-11-12T10:59:43","date_gmt":"2020-11-12T13:59:43","guid":{"rendered":"https:\/\/www.radioamigavallenar.cl\/?p=32044"},"modified":"2020-11-12T11:10:56","modified_gmt":"2020-11-12T14:10:56","slug":"director-de-salud-personas-que-viajan-a-otras-regiones-deben-tomarse-muestras-preventivas","status":"publish","type":"post","link":"https:\/\/www.radioamigavallenar.cl\/?p=32044","title":{"rendered":"Director de salud: personas que viajan a otras regiones deben tomarse muestras preventivas"},"content":{"rendered":"<p style=\"font-weight: 400;\"><span style=\"font-style: inherit; font-weight: inherit;\">El director del Servicio de Salud, Claudio Baeza, pidi\u00f3 a las personas que viajan a otras zonas del pa\u00eds someterse voluntariamente a la toma de muestra de saliva; esto a prop\u00f3sito de las libertades que gradualmente ha recuperado la regi\u00f3n con el pase a la fase de Preparaci\u00f3n en cada una de sus comunas.<\/span><\/p>\n<p style=\"font-weight: 400;\"><span style=\"font-style: inherit; font-weight: inherit;\">Lo que se busca es detectar a tiempo a aquellas personas que desarrollan la enfermedad de manera asintom\u00e1tica o las que contrajeron el virus durante su viaje por otras regiones; por ello record\u00f3 que todos los centros asistenciales de las nueve comunas est\u00e1n habilitados para atenderlos de forma gratuita, sin importar la previsi\u00f3n social que tengan.<\/span><\/p>\n<p style=\"font-weight: 400;\"><span style=\"font-style: inherit; font-weight: inherit;\">\u201cLa regi\u00f3n tiene una baja cantidad de casos activos y positivos, lo que demuestra que no hay una alta transmisi\u00f3n, entonces lo que tenemos que hacer es cuidarnos; mantener las medidas de prevenci\u00f3n y una forma de hacerlo es que aquellas personas que salen de la regi\u00f3n y regresen se tomen una muestra preventiva a fin de verificar su situaci\u00f3n de salud\u201d, dijo el jefe de la Red Asistencial.<\/span><\/p>\n<p style=\"font-weight: 400;\"><span style=\"font-style: inherit; font-weight: inherit;\">La idea es que cada uno de los habitantes sepa a tiempo si est\u00e1 contagiado; con ello no solo se protege \u00e9l, sino tambi\u00e9n a su familia y al resto de la comunidad. Con la trazabilidad de los eventuales casos que vuelvan a surgir se evitar\u00e1 un rebrote.<\/span><\/p>\n","protected":false},"excerpt":{"rendered":"<p>El director del Servicio de Salud, Claudio Baeza, pidi\u00f3 a las personas que viajan a otras zonas del pa\u00eds someterse voluntariamente a la toma de&hellip; <\/p>\n","protected":false},"author":2,"featured_media":32048,"comment_status":"open","ping_status":"closed","sticky":false,"template":"","format":"standard","meta":{"footnotes":""},"categories":[7],"tags":[],"class_list":["post-32044","post","type-post","status-publish","format-standard","has-post-thumbnail","hentry","category-atacama"],"_links":{"self":[{"href":"https:\/\/www.radioamigavallenar.cl\/index.php?rest_route=\/wp\/v2\/posts\/32044","targetHints":{"allow":["GET"]}}],"collection":[{"href":"https:\/\/www.radioamigavallenar.cl\/index.php?rest_route=\/wp\/v2\/posts"}],"about":[{"href":"https:\/\/www.radioamigavallenar.cl\/index.php?rest_route=\/wp\/v2\/types\/post"}],"author":[{"embeddable":true,"href":"https:\/\/www.radioamigavallenar.cl\/index.php?rest_route=\/wp\/v2\/users\/2"}],"replies":[{"embeddable":true,"href":"https:\/\/www.radioamigavallenar.cl\/index.php?rest_route=%2Fwp%2Fv2%2Fcomments&post=32044"}],"version-history":[{"count":1,"href":"https:\/\/www.radioamigavallenar.cl\/index.php?rest_route=\/wp\/v2\/posts\/32044\/revisions"}],"predecessor-version":[{"id":32046,"href":"https:\/\/www.radioamigavallenar.cl\/index.php?rest_route=\/wp\/v2\/posts\/32044\/revisions\/32046"}],"wp:featuredmedia":[{"embeddable":true,"href":"https:\/\/www.radioamigavallenar.cl\/index.php?rest_route=\/wp\/v2\/media\/32048"}],"wp:attachment":[{"href":"https:\/\/www.radioamigavallenar.cl\/index.php?rest_route=%2Fwp%2Fv2%2Fmedia&parent=32044"}],"wp:term":[{"taxonomy":"category","embeddable":true,"href":"https:\/\/www.radioamigavallenar.cl\/index.php?rest_route=%2Fwp%2Fv2%2Fcategories&post=32044"},{"taxonomy":"post_tag","embeddable":true,"href":"https:\/\/www.radioamigavallenar.cl\/index.php?rest_route=%2Fwp%2Fv2%2Ftags&post=32044"}],"curies":[{"name":"wp","href":"https:\/\/api.w.org\/{rel}","templated":true}]}}