{"id":32042,"date":"2020-11-12T10:55:20","date_gmt":"2020-11-12T13:55:20","guid":{"rendered":"https:\/\/www.radioamigavallenar.cl\/?p=32042"},"modified":"2020-11-12T10:55:20","modified_gmt":"2020-11-12T13:55:20","slug":"diputada-cid-rajo-inca-un-paso-clave-para-la-reactivacion-economica-de-atacama","status":"publish","type":"post","link":"https:\/\/www.radioamigavallenar.cl\/?p=32042","title":{"rendered":"Diputada Cid: Rajo Inca, un paso clave para la reactivaci\u00f3n econ\u00f3mica de Atacama"},"content":{"rendered":"<p><strong>El Consejo de Defensa del Estado (CDE) y Codelco alcanzaron un principio de acuerdo<\/strong><span id=\"more-225366\"><\/span><\/p>\n<p>&nbsp;<\/p>\n<p>\u201cEl Consejo de Defensa del Estado (CDE) y Codelco alcanzaron un principio de acuerdo para la reparaci\u00f3n del da\u00f1o ambiental en el Salar de Pedernales, en la Regi\u00f3n de Atacama, en el contexto de la demanda interpuesta por el CDE en julio. Esto resulta\u00a0beneficioso para la reactivaci\u00f3n econ\u00f3mica de la Provincia Cha\u00f1aral, contribuyendo adem\u00e1s con mejoras en las pr\u00e1cticas Medio Ambientales. Como todos sabemos, la miner\u00eda ha sido la mayor fuente de ingresos para el pa\u00eds, y ha sostenido la econom\u00eda regional y este tipo de iniciativas de inversi\u00f3n son las que nos van a permitir que Atacama se sostenga en la senda del desarrollo\u201d.<\/p>\n<p>El Proyecto Rajo Inca busca darle continuidad a la Divisi\u00f3n Salvador, que ha contribuido al pa\u00eds por sesenta a\u00f1os.\u00a0Rajo\u00a0Inca podr\u00eda extender su vida \u00fatil por cuarenta a\u00f1os m\u00e1s. \u201cHoy hemos recibido una muy buena noticia y esperanzadora, el principio de acuerdo entre Codelco y el Consejo de Defensa del Estado, por el proyecto minero Rajo Inca en la Provincia de Cha\u00f1aral\u201d, coment\u00f3 la Diputada Sof\u00eda Cid Versalovic luego de conocer el anuncio.<\/p>\n<p>\u201cEste proyecto proyecta generar m\u00e1s de 2.000 nuevos puestos de trabajo durante el periodo de construcci\u00f3n, aumentando en un 9% la empleabilidad, lo que implica una reactivaci\u00f3n \u00a0de la econom\u00eda, repercutiendo en un aumento de un 3% del PIB y alargar\u00e1 la vida \u00fatil de la Divisi\u00f3n Salvador en 40 a\u00f1os, sin duda, si esto se lleva a cabo ser\u00e1 un gran alivio para las miles de familias y los actuales trabajadores que ven con incertidumbre la continuidad de Salvador y sus fuentes de trabajo\u201d, expres\u00f3 la Diputada de RN.<\/p>\n<p>\u201cEsta noticia es extraordinariamente positiva, para toda la Provincia de Cha\u00f1aral, Diego de Almagro, Inca de Oro, en definitiva para toda nuestra Regi\u00f3n de Atacama. El paso que se ha dado, siendo a\u00fan no definitivo, es muy importante tambi\u00e9n para nuestro medio ambiente. En caso de concretarse el proyecto, se activar\u00e1 nuestra econom\u00eda local, generando nuevos empleos y nuevas oportunidades para nuestros emprendedores\u201d, manifest\u00f3 la Diputada Cid.<\/p>\n<p>Los pr\u00f3ximos pasos ser\u00e1n vitales para que el proyecto vea la luz por lo que al respecto la Diputada Sof\u00eda Cid Versalovic finaliza que, \u00a0\u201cahora queda esperar a que este acuerdo sea analizado y evaluado por Tribunal Ambiental de Antofagasta.\u00a0De autorizarse el acuerdo, la empresa cupr\u00edfera podr\u00e1 iniciar el desarrollo del proyecto estructural Rajo Inca, que busca extender la vida \u00fatil de Salvador en, al menos, otros 40 a\u00f1os y que tiene prevista una inversi\u00f3n de US$1.200 millones.\u00a0Sin duda, significa un gran avance, que nos llena de esperanza para que nuestra Regi\u00f3n siga adelante\u201d.<\/p>\n","protected":false},"excerpt":{"rendered":"<p>El Consejo de Defensa del Estado (CDE) y Codelco alcanzaron un principio de acuerdo &nbsp; \u201cEl Consejo de Defensa del Estado (CDE) y Codelco alcanzaron&hellip; <\/p>\n","protected":false},"author":2,"featured_media":30771,"comment_status":"open","ping_status":"closed","sticky":false,"template":"","format":"standard","meta":{"footnotes":""},"categories":[38],"tags":[],"class_list":["post-32042","post","type-post","status-publish","format-standard","has-post-thumbnail","hentry","category-portada-regional"],"_links":{"self":[{"href":"https:\/\/www.radioamigavallenar.cl\/index.php?rest_route=\/wp\/v2\/posts\/32042","targetHints":{"allow":["GET"]}}],"collection":[{"href":"https:\/\/www.radioamigavallenar.cl\/index.php?rest_route=\/wp\/v2\/posts"}],"about":[{"href":"https:\/\/www.radioamigavallenar.cl\/index.php?rest_route=\/wp\/v2\/types\/post"}],"author":[{"embeddable":true,"href":"https:\/\/www.radioamigavallenar.cl\/index.php?rest_route=\/wp\/v2\/users\/2"}],"replies":[{"embeddable":true,"href":"https:\/\/www.radioamigavallenar.cl\/index.php?rest_route=%2Fwp%2Fv2%2Fcomments&post=32042"}],"version-history":[{"count":1,"href":"https:\/\/www.radioamigavallenar.cl\/index.php?rest_route=\/wp\/v2\/posts\/32042\/revisions"}],"predecessor-version":[{"id":32043,"href":"https:\/\/www.radioamigavallenar.cl\/index.php?rest_route=\/wp\/v2\/posts\/32042\/revisions\/32043"}],"wp:featuredmedia":[{"embeddable":true,"href":"https:\/\/www.radioamigavallenar.cl\/index.php?rest_route=\/wp\/v2\/media\/30771"}],"wp:attachment":[{"href":"https:\/\/www.radioamigavallenar.cl\/index.php?rest_route=%2Fwp%2Fv2%2Fmedia&parent=32042"}],"wp:term":[{"taxonomy":"category","embeddable":true,"href":"https:\/\/www.radioamigavallenar.cl\/index.php?rest_route=%2Fwp%2Fv2%2Fcategories&post=32042"},{"taxonomy":"post_tag","embeddable":true,"href":"https:\/\/www.radioamigavallenar.cl\/index.php?rest_route=%2Fwp%2Fv2%2Ftags&post=32042"}],"curies":[{"name":"wp","href":"https:\/\/api.w.org\/{rel}","templated":true}]}}