{"id":32036,"date":"2020-11-12T07:51:37","date_gmt":"2020-11-12T10:51:37","guid":{"rendered":"https:\/\/www.radioamigavallenar.cl\/?p=32036"},"modified":"2020-11-12T07:51:37","modified_gmt":"2020-11-12T10:51:37","slug":"declaracion-publica-de-jaime-perello-arias-por-hacienda-ventana-en-la-provincia-del-huasco","status":"publish","type":"post","link":"https:\/\/www.radioamigavallenar.cl\/?p=32036","title":{"rendered":"Declaraci\u00f3n P\u00fablica de Jaime Perell\u00f3 Arias por Hacienda Ventana en la provincia del Huasco"},"content":{"rendered":"<p>Con el objetivo de aclarar e informar a nuestros ex trabajadores y autoridades de la Provincia del Huasco frente a las declaraciones efectuadas por el alcalde de Vallenar, Se\u00f1or Cristi\u00e1n Tapia, y personas ligadas a la Fundaci\u00f3n de derecho can\u00f3nico Isabel Aninat Echazarreta, nos permitimos aclarar lo siguiente:<\/p>\n<p>1) Cuando compr\u00e9 la Hacienda el a\u00f1o 1995, el campo estaba abandonado, pr\u00e1cticamente seco, con el canal destruido, con frutales y cultivos en muy mal estado. Durante m\u00e1s de 20 a\u00f1os fui propietario de la Hacienda Las Ventanas, per\u00edodo durante el cual logramos reactivar productiva y econ\u00f3micamente a la Hacienda, siendo por muchos a\u00f1os una de las principales empresas generadoras de trabajo en el Valle del Huasco y un polo de desarrollo agr\u00edcola en la regi\u00f3n de Atacama, incorporando tecnolog\u00eda y nuevas especies frutales al valle.<\/p>\n<p>En esos a\u00f1os logramos generar un gran equipo de trabajo que finalmente se transform\u00f3 con los a\u00f1os en una gran familia que viv\u00eda y trabajaba en la Hacienda. Por lo anterior, nos parece tremendamente grave, doloroso e injustificado, que se nos trate de retratar frente a la opini\u00f3n p\u00fablica como \u201cempresarios\u201d a los cuales s\u00f3lo les interesa el dinero. La gente nos conoce, con hechos demostramos durante m\u00e1s de 20 a\u00f1os nuestro cari\u00f1o y compromiso con el Valle (por a\u00f1os fuimos los principales defensores del valle frente a Barrick Gold), la Hacienda y su gente.<br \/>\nNo vamos a permitir que nadie trate de enlodar nuestro prestigio personal y empresarial en base a mentiras y acusaciones sin fundamento alguno.<\/p>\n<p>2) En el mes de Junio del a\u00f1o 2016 vend\u00ed a la Fundaci\u00f3n de derecho can\u00f3nico, Isabel Aninat Echazarreta, las Haciendas Ventanas y Valparaiso. Dicha compraventa s\u00f3lo incluy\u00f3 los derechos de agua de car\u00e1cter permanente del canal Ventanas y Perales correspondientes a 1.344 acciones seg\u00fan consta claramente en la escritura de compraventa firmada.<\/p>\n<p>Por lo anterior, es completamente falso que los actuales due\u00f1os de la Hacienda \u201cno tengan agua\u201d, ya que tienen propiedad sobre el porcentaje que les corresponde sobre las aguas que trae actualmente el R\u00edo Huasco y que son propios de sus derechos de car\u00e1cter permanente. Dichos derechos del r\u00edo son distribuidos conforme a derecho por la Junta de Vigilancia del R\u00edo Huasco.<\/p>\n<p>3) En mi car\u00e1cter de titular de derechos de aprovechamiento consuntivo, de ejercicio eventual y continuo sobre el Embalse Santa Juana y luego de ver como durante a\u00f1os nuestras aguas eran entregadas de manera ilegal a la Fundaci\u00f3n, envi\u00e9 una carta a la Junta de Vigilancia del R\u00edo Huasco, el d\u00eda 30 de Octubre reci\u00e9n pasado, solicitando que el directorio de la Junta resolviera sobre la pertinencia o no de la distribuci\u00f3n de estas aguas, de manera de evitar un eventual delito de usurpaci\u00f3n de aguas.<\/p>\n<p>4) Pese a que mi propiedad sobre los derechos del embalse es jur\u00eddicamente indesmentible, la Fundaci\u00f3n ha optado por realizar una serie de demandas y acciones legales que s\u00f3lo tendr\u00e1n un final contrario a sus expectativas ya que carecen de toda justificaci\u00f3n y base legal.<br \/>\nLamentamos profundamente que una Fundaci\u00f3n de derecho can\u00f3nico, que pertenece a la Iglesia Cat\u00f3lica, actualmente propietaria de la Hacienda Las Ventanas, nuevamente se vea involucrada en controversias legales que no tienen sustento y que no haya buscado v\u00edas de entendimiento menos litigiosas que s\u00f3lo terminar\u00e1n perjudicando a todos los cat\u00f3licos.<\/p>\n<p>5) La Fundaci\u00f3n y el Alcalde Tapia sostienen que yo no tengo preocupaci\u00f3n por la gente y ellos si. Esta mentira es f\u00e1cilmente demostrable.<\/p>\n<p>Dentro del procedimiento de compraventa de la Hacienda a la Fundaci\u00f3n de Beneficiencia Isabel Aninat Echazarreta, representada por Enrique Alcalde, se estableci\u00f3 una carta de instrucciones notariales, en la cual la Fundaci\u00f3n me exigi\u00f3 el cumplimiento de una serie de condiciones necesarias para que pudiese retirar un Vale Vista por 500 millones de pesos, correspondiente a parte del pago por la venta de la Hacienda.<\/p>\n<p>Dentro de esas condiciones, la Fundaci\u00f3n exigi\u00f3 \u201cla entrega de las casas habitaciones y propiedades destinadas al servicio del predio, libres de todo ocupante a cualquier titulo, que entorpezca el correcto y normal uso y acceso a las instalaciones que existen en los inmuebles adquiridos por parte de la Fundaci\u00f3n compradora\u201d.<\/p>\n<p>Personalmente insist\u00ed en varias oportunidades a los hermanos Alcalde, sobre la necesidad de mantener a la gente que estaba trabajando en la Hacienda ya que conoc\u00edan perfectamente el campo y que la mayor\u00eda de ellos ten\u00eda experiencia en labores espec\u00edficas del campo, especialmente los regadores.<\/p>\n<p>A\u00fan hoy, cuando ya han pasado m\u00e1s de 4 a\u00f1os de la compraventa de la Hacienda, la Fundaci\u00f3n a\u00fan nos debe 100 millones de pesos (de los 500 millones retenidos originalmente) que no nos paga argumentando precisamente que no hemos cumplido con el desalojo de las casas.<\/p>\n<p>Por lo anterior nos sorprende que ahora la Fundaci\u00f3n aparezca defendiendo a familias y trabajadores a las cuales ellos mismo exigieron expulsar del Fundo.<\/p>\n<p>Tambi\u00e9n nos sorprende a\u00fan m\u00e1s que la Iglesia Cat\u00f3lica, propietaria de la Fundaci\u00f3n de Beneficencia Isabel Aninat Echazarreta, permita que sus gestores no act\u00faen de acuerdo a los valores morales propios de la Iglesia y no nos hayan pagado este dinero despu\u00e9s de 4 a\u00f1os, argumentando que no demostramos de manera cierta haber desocupado las casas del Fundo.<\/p>\n<p>Esperamos que los distintos puntos aclarados en esta declaraci\u00f3n permitan que la verdad salga a la luz con respecto a nuestro accionar como empresa y que ojal\u00e1, no se siga utilizando a los trabajadores para presionar sobre situaciones que la Fundaci\u00f3n debe resolver como cualquier empresa en Chile y m\u00e1s si se trata de una Fundaci\u00f3n de la Iglesia Cat\u00f3lica.<\/p>\n","protected":false},"excerpt":{"rendered":"<p>Con el objetivo de aclarar e informar a nuestros ex trabajadores y autoridades de la Provincia del Huasco frente a las declaraciones efectuadas por el&hellip; <\/p>\n","protected":false},"author":2,"featured_media":32037,"comment_status":"open","ping_status":"closed","sticky":false,"template":"","format":"standard","meta":{"footnotes":""},"categories":[7],"tags":[],"class_list":["post-32036","post","type-post","status-publish","format-standard","has-post-thumbnail","hentry","category-atacama"],"_links":{"self":[{"href":"https:\/\/www.radioamigavallenar.cl\/index.php?rest_route=\/wp\/v2\/posts\/32036","targetHints":{"allow":["GET"]}}],"collection":[{"href":"https:\/\/www.radioamigavallenar.cl\/index.php?rest_route=\/wp\/v2\/posts"}],"about":[{"href":"https:\/\/www.radioamigavallenar.cl\/index.php?rest_route=\/wp\/v2\/types\/post"}],"author":[{"embeddable":true,"href":"https:\/\/www.radioamigavallenar.cl\/index.php?rest_route=\/wp\/v2\/users\/2"}],"replies":[{"embeddable":true,"href":"https:\/\/www.radioamigavallenar.cl\/index.php?rest_route=%2Fwp%2Fv2%2Fcomments&post=32036"}],"version-history":[{"count":1,"href":"https:\/\/www.radioamigavallenar.cl\/index.php?rest_route=\/wp\/v2\/posts\/32036\/revisions"}],"predecessor-version":[{"id":32038,"href":"https:\/\/www.radioamigavallenar.cl\/index.php?rest_route=\/wp\/v2\/posts\/32036\/revisions\/32038"}],"wp:featuredmedia":[{"embeddable":true,"href":"https:\/\/www.radioamigavallenar.cl\/index.php?rest_route=\/wp\/v2\/media\/32037"}],"wp:attachment":[{"href":"https:\/\/www.radioamigavallenar.cl\/index.php?rest_route=%2Fwp%2Fv2%2Fmedia&parent=32036"}],"wp:term":[{"taxonomy":"category","embeddable":true,"href":"https:\/\/www.radioamigavallenar.cl\/index.php?rest_route=%2Fwp%2Fv2%2Fcategories&post=32036"},{"taxonomy":"post_tag","embeddable":true,"href":"https:\/\/www.radioamigavallenar.cl\/index.php?rest_route=%2Fwp%2Fv2%2Ftags&post=32036"}],"curies":[{"name":"wp","href":"https:\/\/api.w.org\/{rel}","templated":true}]}}