{"id":32004,"date":"2020-11-12T06:00:44","date_gmt":"2020-11-12T09:00:44","guid":{"rendered":"https:\/\/www.radioamigavallenar.cl\/?p=32004"},"modified":"2020-11-11T21:23:38","modified_gmt":"2020-11-12T00:23:38","slug":"destacan-principio-de-acuerdo-entre-el-cde-y-codelco-por-proyecto-rajo-inca","status":"publish","type":"post","link":"https:\/\/www.radioamigavallenar.cl\/?p=32004","title":{"rendered":"Destacan principio de acuerdo entre el CDE y Codelco por Proyecto Rajo Inca"},"content":{"rendered":"<h4>De ser autorizado por el Tribunal Ambiental de Antofagasta, la estatal podr\u00e1 iniciar el desarrollo del proyecto estructural Rajo Inca, que busca extender la vida \u00fatil de la faena en cerca de 50 a\u00f1os.<span id=\"more-225246\"><\/span><\/h4>\n<p>Esta semana, el Consejo de Defensa del Estado (CDE) y Codelco alcanzaron un principio de acuerdo para la reparaci\u00f3n de da\u00f1o ambiental en el Salar de Pedernales, en la Regi\u00f3n de Atacama, en el contexto de la demanda interpuesta por el CDE en julio.<\/p>\n<p>El contenido de la propuesta se conocer\u00e1 luego de que el Tribunal Ambiental de Antofagasta lo analice y eval\u00fae.<\/p>\n<p>Al respecto, el Intendente de Atacama, Patricio Urquieta, dijo que \u201ces una muy buena noticia para la regi\u00f3n de Atacama. El Proyecto minero Rajo Inca est\u00e1 de pie, y esperamos que pronto est\u00e9 en marcha. Hubo un acuerdo entre el consejo de defensa del Estado y Codelco que se traduce en darle viabilidad a este proyecto de inversi\u00f3n\u00a0 y esa es una muy buena noticia. Porque lo hab\u00edamos conversado con dirigentes sindicales, con agrupaciones de emprendedores, que est\u00e1n comprometidos con defender el empleo de la gente, que este proyecto es una inversi\u00f3n necesario para la reactivaci\u00f3n econ\u00f3mica, que va a mantener puestos de trabajo y va a crear otros m\u00e1s, y esta que es una preocupaci\u00f3n central de las familias en Atacama fue la que hace un tiempo transmit\u00ed al Presidente del Consejo de defensa\u201d.<\/p>\n<p>Asimismo, Urquieta dijo que \u201cquiero darle las gracias al Consejo de Defensa y a Codelco por su permanente disposici\u00f3n a llegar a un entendimiento que hoy se traduce en la posibilidad de crear m\u00e1s trabajo en la regi\u00f3n\u201d.<\/p>\n<p>De autorizarse el acuerdo, la empresa cupr\u00edfera podr\u00e1 iniciar el desarrollo del proyecto estructural Rajo Inca, que busca extender la vida \u00fatil de Salvador en, al menos, otros 40 a\u00f1os y que tiene prevista una inversi\u00f3n de US$ 1.200 millones.<\/p>\n","protected":false},"excerpt":{"rendered":"<p>De ser autorizado por el Tribunal Ambiental de Antofagasta, la estatal podr\u00e1 iniciar el desarrollo del proyecto estructural Rajo Inca, que busca extender la vida&hellip; <\/p>\n","protected":false},"author":2,"featured_media":32005,"comment_status":"open","ping_status":"closed","sticky":false,"template":"","format":"standard","meta":{"footnotes":""},"categories":[7,34],"tags":[],"class_list":["post-32004","post","type-post","status-publish","format-standard","has-post-thumbnail","hentry","category-atacama","category-mineria"],"_links":{"self":[{"href":"https:\/\/www.radioamigavallenar.cl\/index.php?rest_route=\/wp\/v2\/posts\/32004","targetHints":{"allow":["GET"]}}],"collection":[{"href":"https:\/\/www.radioamigavallenar.cl\/index.php?rest_route=\/wp\/v2\/posts"}],"about":[{"href":"https:\/\/www.radioamigavallenar.cl\/index.php?rest_route=\/wp\/v2\/types\/post"}],"author":[{"embeddable":true,"href":"https:\/\/www.radioamigavallenar.cl\/index.php?rest_route=\/wp\/v2\/users\/2"}],"replies":[{"embeddable":true,"href":"https:\/\/www.radioamigavallenar.cl\/index.php?rest_route=%2Fwp%2Fv2%2Fcomments&post=32004"}],"version-history":[{"count":1,"href":"https:\/\/www.radioamigavallenar.cl\/index.php?rest_route=\/wp\/v2\/posts\/32004\/revisions"}],"predecessor-version":[{"id":32006,"href":"https:\/\/www.radioamigavallenar.cl\/index.php?rest_route=\/wp\/v2\/posts\/32004\/revisions\/32006"}],"wp:featuredmedia":[{"embeddable":true,"href":"https:\/\/www.radioamigavallenar.cl\/index.php?rest_route=\/wp\/v2\/media\/32005"}],"wp:attachment":[{"href":"https:\/\/www.radioamigavallenar.cl\/index.php?rest_route=%2Fwp%2Fv2%2Fmedia&parent=32004"}],"wp:term":[{"taxonomy":"category","embeddable":true,"href":"https:\/\/www.radioamigavallenar.cl\/index.php?rest_route=%2Fwp%2Fv2%2Fcategories&post=32004"},{"taxonomy":"post_tag","embeddable":true,"href":"https:\/\/www.radioamigavallenar.cl\/index.php?rest_route=%2Fwp%2Fv2%2Ftags&post=32004"}],"curies":[{"name":"wp","href":"https:\/\/api.w.org\/{rel}","templated":true}]}}