{"id":31832,"date":"2020-11-07T07:50:27","date_gmt":"2020-11-07T10:50:27","guid":{"rendered":"https:\/\/www.radioamigavallenar.cl\/?p=31832"},"modified":"2020-11-07T11:51:27","modified_gmt":"2020-11-07T14:51:27","slug":"municipalidad-de-copiapo-se-adjudico-proyecto-para-el-reciclaje-del-ministerio-del-medio-ambiente","status":"publish","type":"post","link":"https:\/\/www.radioamigavallenar.cl\/?p=31832","title":{"rendered":"Municipalidad de Copiap\u00f3 se adjudic\u00f3 proyecto para el Reciclaje del Ministerio del Medio Ambiente."},"content":{"rendered":"<div id=\"mvp-content-main\" class=\"left relative\">\n<p><strong>Se trata del primer proyecto adjudicado en la regi\u00f3n, a trav\u00e9s de dichos fondos<\/strong><span id=\"more-224643\"><\/span><\/p>\n<p>&nbsp;<\/p>\n<p>El Fondo para el Reciclaje es un instrumento del Ministerio del Medio Ambiente, creado especialmente para apoyar a nivel comunal el cumplimiento de la Ley Marco para la Gesti\u00f3n de Residuos y la Responsabilidad Extendida del Productor y que permite financiar proyectos de las municipalidades y asociaciones de municipalidades, dirigidos a prevenir la generaci\u00f3n de residuos en sus comunas y promover su separaci\u00f3n, reutilizaci\u00f3n, reciclaje y otro tipo de valorizaci\u00f3n.<\/p>\n<p>A partir del a\u00f1o 2020, el Fondo pas\u00f3 a llamarse \u201cFondo para el Reciclaje Exequiel Estay\u201d, con objeto de realizar un homenaje p\u00f3stumo a Exequiel Estay Tapia y su legado, quien se desempe\u00f1\u00f3 por m\u00e1s de 24 a\u00f1os como reciclador de base y tuvo una participaci\u00f3n activa en espacios de incidencia pol\u00edtica a favor del reciclaje y la inclusi\u00f3n de los recicladores, a nivel nacional e internacional.<\/p>\n<p>Sobre un total de 81 postulaciones de municipalidades de todo el pa\u00eds, el proyecto de la Municipalidad de Copiap\u00f3, denominado \u201cHabilitaci\u00f3n y Equipamiento de un Centro de Acopio Municipal con Operaci\u00f3n de Recicladores de Base\u201d ocup\u00f3 un meritorio 7\u00b0 lugar en el ranking nacional de puntajes, siendo finalmente adjudicado con los recursos para ejecutar el proyecto.<\/p>\n<p>En ese contexto, el SEREMI del Medio Ambiente, Guillermo Ready indic\u00f3 que \u201cestamos muy contentos de que la municipalidad de Copiap\u00f3 se haya adjudicado por primera vez en nuestra regi\u00f3n recursos del Fondo para el Reciclaje Exequiel Estay, por lo que felicito al equipo de trabajo municipal que prepar\u00f3 y present\u00f3 el proyecto. Sobre el monto de financiamiento, se trata de $14.500.000.- aportados por el Ministerio del Medio Ambiente y se requer\u00eda como m\u00ednimo $1.450.000 como cofinanciamiento aportado en efectivo y\/o especies valoradas, por la municipalidad de Copiap\u00f3, lo que fue ampliamente superado por esta, aportando $12.752.000.- lo que demuestra un mayor compromiso e incrementa la relevancia del proyecto, concret\u00e1ndose con ello una inversi\u00f3n total de $27.252.000.-\u201d<\/p>\n<p>Respecto a las caracter\u00edsticas del proyecto adjudicado, el SEREMI Ready indic\u00f3 \u201cel municipio de Copiap\u00f3 proyecta habilitar y equipar un Centro de Acopio transitorio de Residuos Reciclables del tipo PET, latas de aluminio y cart\u00f3n, en dependencias del Parque Municipal el Pretil. Inicialmente considera habilitar equipamiento e instalaciones para el tratamiento y almacenamiento de los residuos recolectados por Recicladores de Base bajo la modalidad de retiro puerta a puerta en viviendas de los sectores aleda\u00f1os al Pretil.<\/p>\n<p>Los residuos ser\u00e1n trasladados por los Recicladores hasta la empresa gestora de residuos Punto Eco, ubicada en el barrio industrial de Paipote, quien actuar\u00e1 como poder de compra, con el fin de que los recicladores puedan acceder a ingresos por la venta de los materiales\u201d<\/p>\n<p>Finalmente, el Seremi Ready invit\u00f3 a todas las municipalidades de la regi\u00f3n a participar del nuevo llamado del Fondo para el Reciclaje 2021 Exequiel Estay, que estar\u00e1 abierto hasta las 14:00 horas del 25 de noviembre, cuya postulaci\u00f3n debe realizarse a trav\u00e9s del sitio\u00a0<a href=\"https:\/\/www.fondos.gob.cl\/\">https:\/\/www.fondos.gob.cl\/<\/a>\u00a0.<\/p>\n<\/div>\n<div id=\"mvp-content-bot\" class=\"left\">\n<div class=\"mvp-post-tags\"><\/div>\n<\/div>\n","protected":false},"excerpt":{"rendered":"<p>Se trata del primer proyecto adjudicado en la regi\u00f3n, a trav\u00e9s de dichos fondos &nbsp; El Fondo para el Reciclaje es un instrumento del Ministerio&hellip; <\/p>\n","protected":false},"author":2,"featured_media":31833,"comment_status":"open","ping_status":"closed","sticky":false,"template":"","format":"standard","meta":{"footnotes":""},"categories":[38],"tags":[],"class_list":["post-31832","post","type-post","status-publish","format-standard","has-post-thumbnail","hentry","category-portada-regional"],"_links":{"self":[{"href":"https:\/\/www.radioamigavallenar.cl\/index.php?rest_route=\/wp\/v2\/posts\/31832","targetHints":{"allow":["GET"]}}],"collection":[{"href":"https:\/\/www.radioamigavallenar.cl\/index.php?rest_route=\/wp\/v2\/posts"}],"about":[{"href":"https:\/\/www.radioamigavallenar.cl\/index.php?rest_route=\/wp\/v2\/types\/post"}],"author":[{"embeddable":true,"href":"https:\/\/www.radioamigavallenar.cl\/index.php?rest_route=\/wp\/v2\/users\/2"}],"replies":[{"embeddable":true,"href":"https:\/\/www.radioamigavallenar.cl\/index.php?rest_route=%2Fwp%2Fv2%2Fcomments&post=31832"}],"version-history":[{"count":1,"href":"https:\/\/www.radioamigavallenar.cl\/index.php?rest_route=\/wp\/v2\/posts\/31832\/revisions"}],"predecessor-version":[{"id":31834,"href":"https:\/\/www.radioamigavallenar.cl\/index.php?rest_route=\/wp\/v2\/posts\/31832\/revisions\/31834"}],"wp:featuredmedia":[{"embeddable":true,"href":"https:\/\/www.radioamigavallenar.cl\/index.php?rest_route=\/wp\/v2\/media\/31833"}],"wp:attachment":[{"href":"https:\/\/www.radioamigavallenar.cl\/index.php?rest_route=%2Fwp%2Fv2%2Fmedia&parent=31832"}],"wp:term":[{"taxonomy":"category","embeddable":true,"href":"https:\/\/www.radioamigavallenar.cl\/index.php?rest_route=%2Fwp%2Fv2%2Fcategories&post=31832"},{"taxonomy":"post_tag","embeddable":true,"href":"https:\/\/www.radioamigavallenar.cl\/index.php?rest_route=%2Fwp%2Fv2%2Ftags&post=31832"}],"curies":[{"name":"wp","href":"https:\/\/api.w.org\/{rel}","templated":true}]}}