{"id":31828,"date":"2020-11-07T08:35:37","date_gmt":"2020-11-07T11:35:37","guid":{"rendered":"https:\/\/www.radioamigavallenar.cl\/?p=31828"},"modified":"2020-11-07T11:35:49","modified_gmt":"2020-11-07T14:35:49","slug":"segundo-retiro-de-fondos-afp-las-4-diferencias-con-el-primer-proyecto","status":"publish","type":"post","link":"https:\/\/www.radioamigavallenar.cl\/?p=31828","title":{"rendered":"Segundo retiro de fondos AFP: Las 4 diferencias con el primer proyecto"},"content":{"rendered":"<h4>El pasado jueves de la presente semana la Comisi\u00f3n de Constituci\u00f3n de la C\u00e1mara de Diputados aprob\u00f3 en particular\u00a0el proyecto para permitir realizar un\u00a0segundo retiro\u00a0de hasta el 10% de los fondos de pensiones en las AFP, despach\u00e1ndolo a la Sala.<span id=\"more-224621\"><\/span><\/h4>\n<p>&nbsp;<\/p>\n<p>En la instancia se revisaron las indicaciones que fueron presentadas y que buscaban perfeccionar el texto, el que finalmente qued\u00f3 con\u00a0cuatro diferencias claves\u00a0respecto a la primera iniciativa.<\/p>\n<h2 style=\"text-align: center;\">\u00bfCu\u00e1les son las diferencias?<\/h2>\n<h3>1) Una sola cuota<\/h3>\n<p>La comisi\u00f3n aprob\u00f3 el denominado \u00abcoraz\u00f3n del proyecto\u00bb, que establece, al igual que la primera reforma constitucional, un retiro m\u00e1ximo de\u00a0<strong>150 UF<\/strong>\u00a0(cerca de\u00a0<strong>$4,3 millones<\/strong>) y un m\u00ednimo de 35 UF (cerca de\u00a0<strong>$1 mill\u00f3n<\/strong>). Si los fondos son menores a esta cifra, se podr\u00e1 retirar la totalidad de ellos.<\/p>\n<p>La diferencia radica en que la entrega de los recursos se efectuar\u00e1 en\u00a0<strong>una sola cuota<\/strong>\u00a0en un plazo m\u00e1ximo de 30 d\u00edas h\u00e1biles desde que es presentada la solicitud a la correspondiente administradora.<\/p>\n<p>En tanto, en el primer proyecto, cuando el monto superaba las 35 UF, la entrega del dinero se realizaba en dos cuotas.\u00a0El primero, luego de 10 d\u00edas h\u00e1biles de realizada la solicitud; y el segundo, tras 30 d\u00edas h\u00e1biles.<\/p>\n<h3>2) Reintegro voluntario<\/h3>\n<p>Los diputados componentes de la comisi\u00f3n dieron luz verde a la indicaci\u00f3n de un reintegro de los fondos retirados, mediante una\u00a0<strong>cotizaci\u00f3n voluntaria<\/strong>\u00a0adicional de 5% mensual y que el afiliado podr\u00e1 suspender o discontinuar.<\/p>\n<p>En la primera iniciativa no se contemplaba la opci\u00f3n de reintegrar el dinero extra\u00eddo.<\/p>\n<h3>3) Impuesto a la renta<\/h3>\n<p>Los integrantes de la comisi\u00f3n aprobaron que los fondos retirados constituyan renta, con la excepci\u00f3n de aquellas personas que tributen en\u00a0<strong>los primeros tres tramos<\/strong>\u00a0de la ley de impuesto a la renta (menor a 2,5 millones mensuales) y siempre que el monto de retiro sea superior a 35 UF (poco m\u00e1s de 1 mill\u00f3n de pesos).<\/p>\n<p>La remuneraci\u00f3n y renta imponible promedio, corresponder\u00e1 al promedio de las \u00faltimas 12 remuneraciones y rentas declaradas en el sistema en los \u00faltimos 10 a\u00f1os.<\/p>\n<p>En el caso del primer retiro, la extracci\u00f3n del dinero no constitu\u00eda renta para ninguno de los afiliados, sin importar el monto que tributen los ciudadanos.<\/p>\n<h3>4) Transparencia de autoridades p\u00fablicas<\/h3>\n<p>La Comisi\u00f3n de Constituci\u00f3n dios luz verde a una propuesta que no estaba contemplada en la primera reforma, la cual consiste en que las autoridades p\u00fablicas incorporen en su declaraci\u00f3n de intereses y patrimonio la informaci\u00f3n respecto del primer retiro de fondos previsionales y de este segundo retiro si lo solicitan.<\/p>\n<h2 style=\"text-align: center;\">\u00bfCu\u00e1ndo se podr\u00eda retirar el dinero?<\/h2>\n<p>La diputada\u00a0Pamela Jiles\u00a0(PH), una de las impulsoras de la iniciativa, sostuvo que: \u00abYo sigo firme en mi compromiso. Hemos cumplido un plazo de tramitaci\u00f3n que es este, que da tiempo para que\u00a0<strong>est\u00e9 listo en Navidad<\/strong>\u00ab.<\/p>\n<p>\u00abYo personalmente le pido a\u00a0<strong>Diego Paulsen\u00a0<\/strong>(presidente de la C\u00e1mara de Diputados)\u00a0que cite a una sesi\u00f3n para votar esto no m\u00e1s all\u00e1 del pr\u00f3ximo martes. Se lo pido, porque si no esto se va a entrampar y no quisiera que la ciudadan\u00eda tuviera la impresi\u00f3n de que el presidente de la C\u00e1mara de Diputados est\u00e1 tratando de retrasar esta tramitaci\u00f3n\u00bb, expres\u00f3.<\/p>\n<p>En esa misma l\u00ednea, el presidente de la Comisi\u00f3n de Constituci\u00f3n,\u00a0<strong>Mat\u00edas Walker<\/strong>, insisti\u00f3: \u00abYo le pido al presidente de la C\u00e1mara que fije una sesi\u00f3n especial la pr\u00f3xima semana, luego de la votaci\u00f3n de la Ley de Presupuesto, porque todo Chile est\u00e1 esperando este segundo retiro\u00bb.<\/p>\n","protected":false},"excerpt":{"rendered":"<p>El pasado jueves de la presente semana la Comisi\u00f3n de Constituci\u00f3n de la C\u00e1mara de Diputados aprob\u00f3 en particular\u00a0el proyecto para permitir realizar un\u00a0segundo retiro\u00a0de&hellip; <\/p>\n","protected":false},"author":2,"featured_media":30419,"comment_status":"open","ping_status":"closed","sticky":false,"template":"","format":"standard","meta":{"footnotes":""},"categories":[38],"tags":[],"class_list":["post-31828","post","type-post","status-publish","format-standard","has-post-thumbnail","hentry","category-portada-regional"],"_links":{"self":[{"href":"https:\/\/www.radioamigavallenar.cl\/index.php?rest_route=\/wp\/v2\/posts\/31828","targetHints":{"allow":["GET"]}}],"collection":[{"href":"https:\/\/www.radioamigavallenar.cl\/index.php?rest_route=\/wp\/v2\/posts"}],"about":[{"href":"https:\/\/www.radioamigavallenar.cl\/index.php?rest_route=\/wp\/v2\/types\/post"}],"author":[{"embeddable":true,"href":"https:\/\/www.radioamigavallenar.cl\/index.php?rest_route=\/wp\/v2\/users\/2"}],"replies":[{"embeddable":true,"href":"https:\/\/www.radioamigavallenar.cl\/index.php?rest_route=%2Fwp%2Fv2%2Fcomments&post=31828"}],"version-history":[{"count":1,"href":"https:\/\/www.radioamigavallenar.cl\/index.php?rest_route=\/wp\/v2\/posts\/31828\/revisions"}],"predecessor-version":[{"id":31829,"href":"https:\/\/www.radioamigavallenar.cl\/index.php?rest_route=\/wp\/v2\/posts\/31828\/revisions\/31829"}],"wp:featuredmedia":[{"embeddable":true,"href":"https:\/\/www.radioamigavallenar.cl\/index.php?rest_route=\/wp\/v2\/media\/30419"}],"wp:attachment":[{"href":"https:\/\/www.radioamigavallenar.cl\/index.php?rest_route=%2Fwp%2Fv2%2Fmedia&parent=31828"}],"wp:term":[{"taxonomy":"category","embeddable":true,"href":"https:\/\/www.radioamigavallenar.cl\/index.php?rest_route=%2Fwp%2Fv2%2Fcategories&post=31828"},{"taxonomy":"post_tag","embeddable":true,"href":"https:\/\/www.radioamigavallenar.cl\/index.php?rest_route=%2Fwp%2Fv2%2Ftags&post=31828"}],"curies":[{"name":"wp","href":"https:\/\/api.w.org\/{rel}","templated":true}]}}