{"id":31823,"date":"2020-11-07T09:05:28","date_gmt":"2020-11-07T12:05:28","guid":{"rendered":"https:\/\/www.radioamigavallenar.cl\/?p=31823"},"modified":"2020-11-07T09:05:28","modified_gmt":"2020-11-07T12:05:28","slug":"nuevos-acuerdos-en-segunda-mesa-de-mujeres-de-pueblos-originarios","status":"publish","type":"post","link":"https:\/\/www.radioamigavallenar.cl\/?p=31823","title":{"rendered":"Nuevos acuerdos en segunda mesa de mujeres de pueblos originarios"},"content":{"rendered":"<p><strong>El jueves 3 de diciembre, se realizar\u00e1 una pr\u00f3xima actividad.<\/strong><\/p>\n<p><em>\u00a0<\/em><span id=\"more-224578\"><\/span><\/p>\n<p>Con el objetivo de implementar y coordinar una instancia de di\u00e1logo permanente con las<\/p>\n<p>mujeres de pueblos originarios, es que durante el a\u00f1o se realiza una junta v\u00eda Zoom con la Coordinadora regional de CONADI Atacama, la Directora regional de Sernameg Atacama y mujeres pertenecientes a la comunidad de pueblos originarios, que quieran ser parte de la construcci\u00f3n de nuevas acciones que favorezcan las relaciones interculturales.<\/p>\n<p>El pasado jueves 29 de octubre, se llev\u00f3 a cabo la segunda reuni\u00f3n, enfocada en los derechos, igualdad y equidad de g\u00e9nero. En esta, se avanz\u00f3 en los siguientes puntos: Se gestionar\u00e1 una instancia de autocuidado para el mes de noviembre (SernamEG), Oscar Pe\u00f1a, PRODEMU, present\u00f3 el programa de Alfabetizaci\u00f3n Digital para mujeres de pueblos Originarios, el\u00a0 programa Dream builders; para que las mujeres interesadas en potenciar su autonom\u00eda econ\u00f3mica y postulaci\u00f3n a proyectos, comiencen a inscribirse. Adem\u00e1s, se instal\u00f3 una estrategia de acci\u00f3n y contacto para activar cada vez que tengan un caso de violencia en alguna comunidad ind\u00edgena.<\/p>\n<p>\u2018\u2019Esta iniciativa nace como una oportunidad de relevar el valor, aporte y cosmovisi\u00f3n de las mujeres de Pueblos Originarios de nuestra regi\u00f3n, siempre desde el fortalecimiento de las autonom\u00edas que hacemos como SernamEG. En la primera mesa, las mujeres relevaron los temas que a ellas m\u00e1s les convocan como\u00a0 representantes de sus comunidades y en esta segunda reuni\u00f3n les presentamos nuestra propuesta de trabajo para abordar las distintas dimensiones y comprometernos con la ejecuci\u00f3n de distintas acciones en un corto o mediano plazo\u2019\u2019, indic\u00f3 Camila Tapia, Directora regional Sernameg Atacama.<\/p>\n<p>Mientras tanto, Ana Mar\u00eda Zarricueta, Coordinadora regional de CONADI Atacama, destac\u00f3 que \u2018\u2019como encargada de Conadi y como mujer ind\u00edgena, estoy muy contenta de haber participado en la segunda mesa junto a Sernameg, donde conversamos con las mujeres presentes y elaboramos un plan de trabajo que comenzar\u00e1 el 16 de Noviembre con un taller de autocuidado\u2019\u2019.<\/p>\n<p>La tercera reuni\u00f3n, qued\u00f3 agendada para el 3 de diciembre, desde las 16 horas y ser\u00e1 realizada v\u00eda Zoom.<\/p>\n","protected":false},"excerpt":{"rendered":"<p>El jueves 3 de diciembre, se realizar\u00e1 una pr\u00f3xima actividad. \u00a0 Con el objetivo de implementar y coordinar una instancia de di\u00e1logo permanente con las&hellip; <\/p>\n","protected":false},"author":2,"featured_media":31824,"comment_status":"open","ping_status":"closed","sticky":false,"template":"","format":"standard","meta":{"footnotes":""},"categories":[7],"tags":[],"class_list":["post-31823","post","type-post","status-publish","format-standard","has-post-thumbnail","hentry","category-atacama"],"_links":{"self":[{"href":"https:\/\/www.radioamigavallenar.cl\/index.php?rest_route=\/wp\/v2\/posts\/31823","targetHints":{"allow":["GET"]}}],"collection":[{"href":"https:\/\/www.radioamigavallenar.cl\/index.php?rest_route=\/wp\/v2\/posts"}],"about":[{"href":"https:\/\/www.radioamigavallenar.cl\/index.php?rest_route=\/wp\/v2\/types\/post"}],"author":[{"embeddable":true,"href":"https:\/\/www.radioamigavallenar.cl\/index.php?rest_route=\/wp\/v2\/users\/2"}],"replies":[{"embeddable":true,"href":"https:\/\/www.radioamigavallenar.cl\/index.php?rest_route=%2Fwp%2Fv2%2Fcomments&post=31823"}],"version-history":[{"count":1,"href":"https:\/\/www.radioamigavallenar.cl\/index.php?rest_route=\/wp\/v2\/posts\/31823\/revisions"}],"predecessor-version":[{"id":31825,"href":"https:\/\/www.radioamigavallenar.cl\/index.php?rest_route=\/wp\/v2\/posts\/31823\/revisions\/31825"}],"wp:featuredmedia":[{"embeddable":true,"href":"https:\/\/www.radioamigavallenar.cl\/index.php?rest_route=\/wp\/v2\/media\/31824"}],"wp:attachment":[{"href":"https:\/\/www.radioamigavallenar.cl\/index.php?rest_route=%2Fwp%2Fv2%2Fmedia&parent=31823"}],"wp:term":[{"taxonomy":"category","embeddable":true,"href":"https:\/\/www.radioamigavallenar.cl\/index.php?rest_route=%2Fwp%2Fv2%2Fcategories&post=31823"},{"taxonomy":"post_tag","embeddable":true,"href":"https:\/\/www.radioamigavallenar.cl\/index.php?rest_route=%2Fwp%2Fv2%2Ftags&post=31823"}],"curies":[{"name":"wp","href":"https:\/\/api.w.org\/{rel}","templated":true}]}}