{"id":31820,"date":"2020-11-07T09:03:41","date_gmt":"2020-11-07T12:03:41","guid":{"rendered":"https:\/\/www.radioamigavallenar.cl\/?p=31820"},"modified":"2020-11-07T09:03:41","modified_gmt":"2020-11-07T12:03:41","slug":"ministro-prokurica-encabeza-operativo-para-sanitizar-mas-de-350-tiendas-de-walmart-con-nanoparticulas-de-cobre","status":"publish","type":"post","link":"https:\/\/www.radioamigavallenar.cl\/?p=31820","title":{"rendered":"Ministro Prokurica encabeza operativo para sanitizar m\u00e1s de 350 tiendas de Walmart con nanopart\u00edculas de cobre"},"content":{"rendered":"<p style=\"font-weight: 400;\"><span style=\"font-style: inherit; font-weight: inherit;\">Hasta la comuna de Conchal\u00ed lleg\u00f3 el ministro de Miner\u00eda, Baldo Prokurica, junto al intendente de la Regi\u00f3n Metropolitana, Felipe Guevara; el vicepresidente de Operaciones de Walmart Chile, Manuel L\u00f3pez; y el gerente general de Aintech, Tom\u00e1s Houdely; para encabezar un operativo de sanitizaci\u00f3n de m\u00e1s de 350 supermercados con nanopart\u00edculas de cobre a lo largo de todo el pa\u00eds.<\/span><\/p>\n<p style=\"font-weight: 400;\"><span style=\"font-style: inherit; font-weight: inherit;\">Esto se traduce en 961.078m2 (96 hect\u00e1reas) de recintos de Walmart, superficie que supera al Parque O\u2019Higgins (80 ha), duplica la superficie del Vaticano (44 ha) y equivale a 134 canchas del Estadio Nacional.<\/span><\/p>\n<p style=\"font-weight: 400;\"><span style=\"font-style: inherit; font-weight: inherit;\">De esta forma la cadena de supermercados se convierte en la primera en sanitizar y desinfectar todos sus locales comerciales con productos elaborados en base a cobre, operaci\u00f3n que se realizar\u00e1 semanalmente, ya que la protecci\u00f3n de dicho material dura alrededor de siete d\u00edas.<\/span><\/p>\n<p style=\"font-weight: 400;\"><span style=\"font-style: inherit; font-weight: inherit;\">El producto aplicado, Decutec, es un desinfectante con nanopart\u00edculas de cobre que es capaz de eliminar un 99,99% de los microorganismos como virus, bacterias y hongos, seg\u00fan pruebas de laboratorio realizadas tanto en Chile como Europa. El producto adem\u00e1s cuenta con registro sanitario del Instituto de Salud P\u00fablica (ISP), y se exporta a Jap\u00f3n.<\/span><\/p>\n<p style=\"font-weight: 400;\"><span style=\"font-style: inherit; font-weight: inherit;\">El ministro de Miner\u00eda, Baldo Prokurica, destac\u00f3 la \u201calianza estrat\u00e9gica entre Walmart y el emprendedor Aintech para sanitizar con nano part\u00edculas de cobre todos los supermercados de esta cadena internacional en el pa\u00eds. Ello beneficiar\u00e1 a m\u00e1s de 2 millones de personas, que tendr\u00e1n mayor resguardo sanitario dada las caracter\u00edsticas biocidas del cobre. Esta es una muestra m\u00e1s de la inteligencia y el valor agregado que Chile le est\u00e1 poniendo a su principal producto exportador\u201d.<\/span><\/p>\n<p style=\"font-weight: 400;\"><span style=\"font-style: inherit; font-weight: inherit;\">El vicepresidente de Operaciones de Walmart Chile, Manuel L\u00f3pez, se\u00f1al\u00f3 que \u201cla sanitizaci\u00f3n de los locales L\u00edder, Express de L\u00edder, SuperBodega aCuenta, y Central Mayorista, busca reforzar el trabajo que estamos haciendo como empresa para proteger y prevenir el contagio de Covid-19 al interior de nuestras tiendas, lo que nos permitir\u00e1 seguir protegiendo a nuestros colaboradores y clientes y al mismo tiempo continuar abasteciendo a las familias de todo Chile\u201d.<\/span><\/p>\n<p style=\"font-weight: 400;\"><span style=\"font-style: inherit; font-weight: inherit;\">El Intendente Metropolitano, Felipe Guevara, llam\u00f3 a mantener los niveles de autocuidado y se\u00f1al\u00f3 que \u201cel ministro de Salud ha anunciado que hay ocho comunas de la Regi\u00f3n Metropolitana que pasan a la fase cuatro, es decir, vamos avanzando. Sin embargo, la se\u00f1al que queremos dar con esta actividad es que, a pesar de ir mejorando, hay que aumentar los cuidados que debemos tener para no volver atr\u00e1s. Aqu\u00ed, en esta cadena hay 40 mil personas que trabajan y que est\u00e1n en contacto con productos durante muchas horas al d\u00eda y millones de personas que vienen a abastecerse, por lo tanto, mejorar los niveles de sanitizaci\u00f3n nos parece loable y ojal\u00e1 podamos replicarlo en otras cadenas y lugares donde se concentra un n\u00famero importante de personas\u201d.<\/span><\/p>\n<p style=\"font-weight: 400;\"><span style=\"font-style: inherit; font-weight: inherit;\">En esa l\u00ednea, Tom\u00e1s Houdely, gerente general de Aintech, explic\u00f3 que \u201cesta sanitizaci\u00f3n con nanopart\u00edculas de cobre que se realizar\u00e1 desde Arica a Punta Arenas eliminar\u00e1 en un 99,99% de los microorganismos en el ambiente por un periodo de hasta 7 d\u00edas\u201d.<\/span><\/p>\n","protected":false},"excerpt":{"rendered":"<p>Hasta la comuna de Conchal\u00ed lleg\u00f3 el ministro de Miner\u00eda, Baldo Prokurica, junto al intendente de la Regi\u00f3n Metropolitana, Felipe Guevara; el vicepresidente de Operaciones&hellip; <\/p>\n","protected":false},"author":2,"featured_media":31821,"comment_status":"open","ping_status":"closed","sticky":false,"template":"","format":"standard","meta":{"footnotes":""},"categories":[34,37],"tags":[],"class_list":["post-31820","post","type-post","status-publish","format-standard","has-post-thumbnail","hentry","category-mineria","category-nacional"],"_links":{"self":[{"href":"https:\/\/www.radioamigavallenar.cl\/index.php?rest_route=\/wp\/v2\/posts\/31820","targetHints":{"allow":["GET"]}}],"collection":[{"href":"https:\/\/www.radioamigavallenar.cl\/index.php?rest_route=\/wp\/v2\/posts"}],"about":[{"href":"https:\/\/www.radioamigavallenar.cl\/index.php?rest_route=\/wp\/v2\/types\/post"}],"author":[{"embeddable":true,"href":"https:\/\/www.radioamigavallenar.cl\/index.php?rest_route=\/wp\/v2\/users\/2"}],"replies":[{"embeddable":true,"href":"https:\/\/www.radioamigavallenar.cl\/index.php?rest_route=%2Fwp%2Fv2%2Fcomments&post=31820"}],"version-history":[{"count":1,"href":"https:\/\/www.radioamigavallenar.cl\/index.php?rest_route=\/wp\/v2\/posts\/31820\/revisions"}],"predecessor-version":[{"id":31822,"href":"https:\/\/www.radioamigavallenar.cl\/index.php?rest_route=\/wp\/v2\/posts\/31820\/revisions\/31822"}],"wp:featuredmedia":[{"embeddable":true,"href":"https:\/\/www.radioamigavallenar.cl\/index.php?rest_route=\/wp\/v2\/media\/31821"}],"wp:attachment":[{"href":"https:\/\/www.radioamigavallenar.cl\/index.php?rest_route=%2Fwp%2Fv2%2Fmedia&parent=31820"}],"wp:term":[{"taxonomy":"category","embeddable":true,"href":"https:\/\/www.radioamigavallenar.cl\/index.php?rest_route=%2Fwp%2Fv2%2Fcategories&post=31820"},{"taxonomy":"post_tag","embeddable":true,"href":"https:\/\/www.radioamigavallenar.cl\/index.php?rest_route=%2Fwp%2Fv2%2Ftags&post=31820"}],"curies":[{"name":"wp","href":"https:\/\/api.w.org\/{rel}","templated":true}]}}