{"id":31817,"date":"2020-11-07T09:01:15","date_gmt":"2020-11-07T12:01:15","guid":{"rendered":"https:\/\/www.radioamigavallenar.cl\/?p=31817"},"modified":"2020-11-07T09:01:15","modified_gmt":"2020-11-07T12:01:15","slug":"se-extiende-plazo-para-postular-a-subsidio-de-corfo-para-provincias-de-chanaral-y-huasco","status":"publish","type":"post","link":"https:\/\/www.radioamigavallenar.cl\/?p=31817","title":{"rendered":"Se extiende plazo para postular a subsidio de Corfo para Provincias de Cha\u00f1aral y Huasco"},"content":{"rendered":"<p><strong>La iniciativa, dirigida a micro y peque\u00f1as empresas lideradas por mujeres, dispone de cupos provinciales para optar a un apoyo de hasta $2.500.000.<\/strong><span id=\"more-127848\"><\/span><\/p>\n<p>Debido a que a\u00fan no se completan los cupos disponibles en las Provincias de Cha\u00f1aral y Huasco, la Direcci\u00f3n Regional de Corfo Atacama decidi\u00f3 extender el plazo para las postulaciones al Programa de Apoyo a la Reactivaci\u00f3n (PAR) Mujeres Atacama, hasta el pr\u00f3ximo mi\u00e9rcoles 11 de noviembre a las 15 hrs. Este beneficio entrega un subsidio no reembolsable de hasta $2.500.000 dirigido a empresas lideradas por mujeres y las postulaciones se realizan exclusivamente a trav\u00e9s de\u00a0<a href=\"http:\/\/www.corfo.cl\/\">www.corfo.cl<\/a>.<\/p>\n<p>El PAR Mujeres es un financiamiento que permitir\u00e1 a las empresas que se lo adjudiquen reactivar su negocio o iniciar una actividad econ\u00f3mica distinta, recuperando y\/o mejorando su potencial productivo y gesti\u00f3n, a trav\u00e9s del otorgamiento de financiamiento para proyectos de inversi\u00f3n y\/o capital de trabajo. Podr\u00e1n postular empresas lideradas por mujeres, personas naturales o jur\u00eddicas constituidas en Chile con iniciaci\u00f3n de actividades ante el SII en primera categor\u00eda, previo a octubre de 2019, y que tengan ventas netas anuales hasta 10.000 UF. Cabe destacar, que las empresas postulantes deben estar al d\u00eda en el pago de las cotizaciones de seguridad social y del seguro de desempleo, y con Tesorer\u00eda General de la Rep\u00fablica.<\/p>\n<p>Al respecto, el director (s) de Corfo Atacama, Pedro Maturana, indic\u00f3 que la decisi\u00f3n de extender el plazo es porque son cupos provinciales y en el caso de las Provincias de Huasco y Cha\u00f1aral, no se ha recibido el n\u00famero de postulaciones suficientes para llenar los cupos disponibles. \u201cQueremos descentralizar las oportunidades para reactivar a las Mipymes, es por eso que la convocatoria cuenta con cupos provinciales para la entrega de los recursos. Seguiremos haciendo los esfuerzos necesarios para incrementar las postulaciones en estos territorios, y as\u00ed las micro y peque\u00f1as empresas lideradas por mujeres, puedan acceder a este apoyo\u201d, se\u00f1al\u00f3 el director (s) de Corfo.<\/p>\n<p>Finalmente, cabe se\u00f1alar que en la Provincia de Copiap\u00f3 y dado el alto n\u00famero de postulaciones recibidas, se opt\u00f3 por cerrar anticipadamente la convocatoria, de acuerdo a lo se\u00f1alado en las bases.<\/p>\n","protected":false},"excerpt":{"rendered":"<p>La iniciativa, dirigida a micro y peque\u00f1as empresas lideradas por mujeres, dispone de cupos provinciales para optar a un apoyo de hasta $2.500.000. Debido a&hellip; <\/p>\n","protected":false},"author":2,"featured_media":31818,"comment_status":"open","ping_status":"closed","sticky":false,"template":"","format":"standard","meta":{"footnotes":""},"categories":[38],"tags":[],"class_list":["post-31817","post","type-post","status-publish","format-standard","has-post-thumbnail","hentry","category-portada-regional"],"_links":{"self":[{"href":"https:\/\/www.radioamigavallenar.cl\/index.php?rest_route=\/wp\/v2\/posts\/31817","targetHints":{"allow":["GET"]}}],"collection":[{"href":"https:\/\/www.radioamigavallenar.cl\/index.php?rest_route=\/wp\/v2\/posts"}],"about":[{"href":"https:\/\/www.radioamigavallenar.cl\/index.php?rest_route=\/wp\/v2\/types\/post"}],"author":[{"embeddable":true,"href":"https:\/\/www.radioamigavallenar.cl\/index.php?rest_route=\/wp\/v2\/users\/2"}],"replies":[{"embeddable":true,"href":"https:\/\/www.radioamigavallenar.cl\/index.php?rest_route=%2Fwp%2Fv2%2Fcomments&post=31817"}],"version-history":[{"count":1,"href":"https:\/\/www.radioamigavallenar.cl\/index.php?rest_route=\/wp\/v2\/posts\/31817\/revisions"}],"predecessor-version":[{"id":31819,"href":"https:\/\/www.radioamigavallenar.cl\/index.php?rest_route=\/wp\/v2\/posts\/31817\/revisions\/31819"}],"wp:featuredmedia":[{"embeddable":true,"href":"https:\/\/www.radioamigavallenar.cl\/index.php?rest_route=\/wp\/v2\/media\/31818"}],"wp:attachment":[{"href":"https:\/\/www.radioamigavallenar.cl\/index.php?rest_route=%2Fwp%2Fv2%2Fmedia&parent=31817"}],"wp:term":[{"taxonomy":"category","embeddable":true,"href":"https:\/\/www.radioamigavallenar.cl\/index.php?rest_route=%2Fwp%2Fv2%2Fcategories&post=31817"},{"taxonomy":"post_tag","embeddable":true,"href":"https:\/\/www.radioamigavallenar.cl\/index.php?rest_route=%2Fwp%2Fv2%2Ftags&post=31817"}],"curies":[{"name":"wp","href":"https:\/\/api.w.org\/{rel}","templated":true}]}}