{"id":31815,"date":"2020-11-07T08:56:34","date_gmt":"2020-11-07T11:56:34","guid":{"rendered":"https:\/\/www.radioamigavallenar.cl\/?p=31815"},"modified":"2020-11-07T08:56:34","modified_gmt":"2020-11-07T11:56:34","slug":"revisa-si-seras-vocal-de-mesa-en-las-primarias-de-alcaldes-y-gobernadores-del-29-de-noviembre","status":"publish","type":"post","link":"https:\/\/www.radioamigavallenar.cl\/?p=31815","title":{"rendered":"Revisa si ser\u00e1s vocal de mesa en las Primarias de alcaldes y gobernadores del 29 de noviembre"},"content":{"rendered":"<p>Este s\u00e1bado el Servicio Electoral (Servel) public\u00f3 la\u00a0<strong>n\u00f3mina de vocales de mesa<\/strong>\u00a0para las\u00a0<strong>Elecciones Primarias de gobernadores regionales y alcaldes del 29 de noviembre.<\/strong><\/p>\n<p>Lo anterior es un antesala, ya que el 11 de abril del pr\u00f3ximo a\u00f1o se elegir\u00e1n alcaldes y concejales. Adem\u00e1s, por primera vez se podr\u00e1 votar por los gobernadores regionales.<\/p>\n<p>Adem\u00e1s de los vocales de mesa, tambi\u00e9n se publicaron este s\u00e1bado las mesas y locales de votaci\u00f3n,\u00a0<strong>que para optimizar la atenci\u00f3n de los electores se han reducido en cantidad, lo que implica cambios en relaci\u00f3n con el Plebiscito Nacional 2020.<\/strong><\/p>\n<p><strong>Revisa aqu\u00ed si eres vocal y tu lugar de votaci\u00f3n:<\/strong><\/p>\n<p><a href=\"https:\/\/consulta.servel.cl\/\"><img loading=\"lazy\" decoding=\"async\" class=\"aligncenter size-full wp-image-4726966\" src=\"https:\/\/media.biobiochile.cl\/wp-content\/uploads\/2020\/11\/captura-de-pantalla-2020-11-07-a-las-08-35-45.png\" alt=\"\" width=\"513\" height=\"294\" \/><\/a><\/p>\n<p>En esta oportunidad, las Juntas Electorales determinaron los vocales sorte\u00e1ndolos entre quienes fueron nombrados para dicha funci\u00f3n en el Plebiscito Nacional.<\/p>\n<p>\u201cPara las 21.281 mesas de sufragio se dispondr\u00e1 de cinco vocales. No obstante, una mesa podr\u00e1 funcionar con la presencia de solo tres vocales\u201d, indic\u00f3 el Servel.<\/p>\n<p>Para estas elecciones Primaras, las\u00a0<strong>mesas funcionar\u00e1n entre las 08:00 y 18:00 horas<\/strong>, a menos que, llegada la hora de cierre, \u201chubiese electores de la mesa esperando para sufragar\u201d, sostuvo el Servel.<\/p>\n<p>Todos los vocales deber\u00e1n asistir a la constituci\u00f3n de mesas el d\u00eda 28 de noviembre a las 15:00 horas en su respectivo local de votaci\u00f3n.<\/p>\n<h2>Excusas<\/h2>\n<p>En los tres d\u00edas h\u00e1biles siguientes a la publicaci\u00f3n de la n\u00f3mina de vocales, es decir lunes 9, martes 10 y mi\u00e9rcoles 11 de noviembre, los vocales que lo necesiten\u00a0<strong>podr\u00e1n excusarse de desempe\u00f1ar el cargo<\/strong>, acogi\u00e9ndose a las causales de excusa del art\u00edculo 49 de la ley 18.700; y a aquellas integradas por el Consejo Directivo de Servel, las que en conjunto son:<\/p>\n<blockquote><p>-Tener 60 o m\u00e1s a\u00f1os de edad.<\/p>\n<p>-Desempe\u00f1arse como cuidadoras o cuidadores de adultos mayores o personas con necesidades especiales y las que se desempe\u00f1en en los establecimientos de larga estad\u00eda para adultos mayores (ELEAM).<\/p>\n<p>-Mujeres embarazadas, durante todo el per\u00edodo de gestaci\u00f3n.<\/p>\n<p>-Estar el vocal comprendido entre las causales de inhabilidad contempladas en el art\u00edculo 45 de la Ley N\u00b0 18.700 o haber sido designado miembro del Colegio Escrutador.<\/p>\n<p>-Estar ausente del pa\u00eds o radicado en alguna localidad distante m\u00e1s de 300 kil\u00f3metros o con la que no haya comunicaciones expeditas, hecho que calificar\u00e1 la Junta Electoral respectiva.<\/p>\n<p>-Tener que desempe\u00f1ar en los mismos d\u00edas y horas de funcionamiento de las Mesas, otras funciones que encomiende la Ley N\u00b0 18.700.<\/p>\n<p>-Estar f\u00edsica o mentalmente imposibilitado de ejercer la funci\u00f3n, circunstancia que deber\u00e1 ser acreditada con certificado m\u00e9dico.<\/p>\n<p>-Cumplir labores en establecimientos hospitalarios en los mismos d\u00edas en que funcionen las Mesas Receptoras de Sufragios, lo que deber\u00e1 acreditarse mediante certificado del director del respectivo establecimiento de salud.<\/p><\/blockquote>\n","protected":false},"excerpt":{"rendered":"<p>Este s\u00e1bado el Servicio Electoral (Servel) public\u00f3 la\u00a0n\u00f3mina de vocales de mesa\u00a0para las\u00a0Elecciones Primarias de gobernadores regionales y alcaldes del 29 de noviembre. Lo anterior&hellip; <\/p>\n","protected":false},"author":2,"featured_media":29422,"comment_status":"open","ping_status":"closed","sticky":false,"template":"","format":"standard","meta":{"footnotes":""},"categories":[37,38],"tags":[],"class_list":["post-31815","post","type-post","status-publish","format-standard","has-post-thumbnail","hentry","category-nacional","category-portada-regional"],"_links":{"self":[{"href":"https:\/\/www.radioamigavallenar.cl\/index.php?rest_route=\/wp\/v2\/posts\/31815","targetHints":{"allow":["GET"]}}],"collection":[{"href":"https:\/\/www.radioamigavallenar.cl\/index.php?rest_route=\/wp\/v2\/posts"}],"about":[{"href":"https:\/\/www.radioamigavallenar.cl\/index.php?rest_route=\/wp\/v2\/types\/post"}],"author":[{"embeddable":true,"href":"https:\/\/www.radioamigavallenar.cl\/index.php?rest_route=\/wp\/v2\/users\/2"}],"replies":[{"embeddable":true,"href":"https:\/\/www.radioamigavallenar.cl\/index.php?rest_route=%2Fwp%2Fv2%2Fcomments&post=31815"}],"version-history":[{"count":1,"href":"https:\/\/www.radioamigavallenar.cl\/index.php?rest_route=\/wp\/v2\/posts\/31815\/revisions"}],"predecessor-version":[{"id":31816,"href":"https:\/\/www.radioamigavallenar.cl\/index.php?rest_route=\/wp\/v2\/posts\/31815\/revisions\/31816"}],"wp:featuredmedia":[{"embeddable":true,"href":"https:\/\/www.radioamigavallenar.cl\/index.php?rest_route=\/wp\/v2\/media\/29422"}],"wp:attachment":[{"href":"https:\/\/www.radioamigavallenar.cl\/index.php?rest_route=%2Fwp%2Fv2%2Fmedia&parent=31815"}],"wp:term":[{"taxonomy":"category","embeddable":true,"href":"https:\/\/www.radioamigavallenar.cl\/index.php?rest_route=%2Fwp%2Fv2%2Fcategories&post=31815"},{"taxonomy":"post_tag","embeddable":true,"href":"https:\/\/www.radioamigavallenar.cl\/index.php?rest_route=%2Fwp%2Fv2%2Ftags&post=31815"}],"curies":[{"name":"wp","href":"https:\/\/api.w.org\/{rel}","templated":true}]}}