{"id":31806,"date":"2020-11-07T08:39:52","date_gmt":"2020-11-07T11:39:52","guid":{"rendered":"https:\/\/www.radioamigavallenar.cl\/?p=31806"},"modified":"2020-11-07T08:39:52","modified_gmt":"2020-11-07T11:39:52","slug":"aes-gener-consolida-su-transformacion-como-empresa-lider-en-energias-renovables","status":"publish","type":"post","link":"https:\/\/www.radioamigavallenar.cl\/?p=31806","title":{"rendered":"AES Gener consolida su transformaci\u00f3n como empresa l\u00edder en energ\u00edas renovables"},"content":{"rendered":"<p>AES Gener mantiene su s\u00f3lido desempe\u00f1o operacional y financiero durante el tercer trimestre del 2020. La compa\u00f1\u00eda, dando muestras de su resiliencia y capacidad de ejecuci\u00f3n, logr\u00f3 hitos muy significativos en la materializaci\u00f3n de su estrategia Greentegra para convertirse en el proveedor de soluciones energ\u00e9ticas de elecci\u00f3n en Sudam\u00e9rica.<\/p>\n<p>El EBITDA al 30 de septiembre de 2020 fue de US$ 682 millones, cifra US$ 63 millones superior a la registrada en el mismo per\u00edodo del a\u00f1o 2019, la que se fundamenta en la solidez de sus contratos de largo plazo y su excelencia operacional, comercial y financiera.<\/p>\n<p>El CEO de AES Gener, Ricardo Manuel Fal\u00fa, indic\u00f3 que \u201cestamos muy orgullosos de los logros que hemos obtenido durante el tercer trimestre, los que confirman que nuestra estrategia Greentegra va por el camino correcto en cada uno de sus tres pilares: hacer m\u00e1s sustentable y competitivo el suministro el\u00e9ctrico de nuestros clientes, reducir la intensidad de carbono de nuestro portafolio y fortalecer el grado de inversi\u00f3n de nuestra compa\u00f1\u00eda\u201d.<\/p>\n<p>Fal\u00fa agreg\u00f3 \u201ca pesar de la pandemia, estamos avanzando en forma acelerada en la transformaci\u00f3n de nuestra compa\u00f1\u00eda. Los logros a la fecha en la ejecuci\u00f3n de nuestra estrategia nos permiten anunciar que 10 unidades a carb\u00f3n por un total de 2.032 MW vender\u00e1n el 100% de su energ\u00eda al spot al a\u00f1o 2025, entregando la capacidad que el sistema requiere durante su transici\u00f3n a renovable. Adem\u00e1s, desde el lanzamiento de Greentegra, hemos firmado contratos renovables por 10.7 TWh al a\u00f1o que aseguran la incorporaci\u00f3n de 2.304 MW de capacidad renovable y bater\u00edas a nuestro portafolio al a\u00f1o 2023\u201d.<\/p>\n<p>Finalmente resalt\u00f3 que \u201cseguiremos cuid\u00e1ndonos y trabajando todos juntos, enfocados en acelerar la descarbonizaci\u00f3n y diversificaci\u00f3n de la matriz energ\u00e9tica de los pa\u00edses donde operamos, aportando a la reactivaci\u00f3n sustentable con inversiones significativas, generando miles de empleos y creando valor y desarrollo local\u201d.<\/p>\n<h3>Principales hitos del tercer trimestre<\/h3>\n<ol>\n<li><strong>Operaci\u00f3n<\/strong><\/li>\n<\/ol>\n<ul>\n<li>AES Gener se mantiene como el principal generador de energ\u00eda el\u00e9ctrica de Chile, aportando el 25% de la generaci\u00f3n bruta del pa\u00eds, priorizando la seguridad y bienestar de los colaboradores, contratistas y comunidades desde el inicio de la pandemia.<\/li>\n<\/ul>\n<ol start=\"2\">\n<li><strong>Monetizaci\u00f3n Activos a Carb\u00f3n<\/strong><\/li>\n<\/ol>\n<ul>\n<li>El 31 de agosto de 2020, la compa\u00f1\u00eda recibi\u00f3 U$720 millones por el t\u00e9rmino anticipado de los contratos de la filial Angamos con las mineras Spence y Escondida, ambas subsidiarias de BHP.<\/li>\n<li>La Compa\u00f1\u00eda incorpor\u00f3 a Toesca como socio en la propiedad de Cochrane, lo que implic\u00f3 un pago de US$ 113 millones lo que, junto con el pago recibido por Angamos, le ha permitido contar con la liquidez necesaria para el crecimiento renovable, y aplazar el aumento de capital autorizado hasta el primer trimestre de 2021.<\/li>\n<\/ul>\n<ol start=\"3\">\n<li><strong>Nuevos Contratos Renovables de Largo Plazo<\/strong><\/li>\n<\/ol>\n<ul>\n<li>Desde el reporte trimestral anterior, se firmaron contratos renovables con Sierra Gorda por 1.240 GWh al a\u00f1o por 19 a\u00f1os; con Carmen de Andacollo de Teck por 550 GWh al a\u00f1o por 11 a\u00f1os y 240 GWh al a\u00f1o por 15 a\u00f1os con la filial de Ecopetrol, Cenit, junto a la adjudicaci\u00f3n del proyecto solar de autogeneraci\u00f3n m\u00e1s grande de Colombia de 61 MW.<\/li>\n<\/ul>\n<ol start=\"4\">\n<li><strong>S\u00f3lido Progreso en los Proyectos en Construcci\u00f3n<\/strong><\/li>\n<\/ol>\n<ul>\n<li>El proyecto Alto Maipo alcanz\u00f3 un 93% de avance y logr\u00f3 un hito muy relevante en su construcci\u00f3n al completar los 14 km de excavaci\u00f3n del t\u00fanel Volc\u00e1n, que une las cuencas del Volc\u00e1n y el Yeso. Quedan menos de 1.9 kil\u00f3metros de excavaci\u00f3n en el t\u00fanel de descarga de Las Lajas para iniciar operaci\u00f3n comercial con las dos plantas de generaci\u00f3n por 531 MW en el segundo semestre del a\u00f1o 2021.<\/li>\n<li>El innovador proyecto Virtual Reservoir obtuvo el premio Avonni en la categor\u00eda Energ\u00eda Empresas El\u00e9ctricas y ya se encuentra 100% operativo.<\/li>\n<li>Los 80 MW de Andes Solar IIA, el proyecto solar m\u00e1s eficiente del mundo, ya se encuentran 100% en operaci\u00f3n.<\/li>\n<li>Los parques e\u00f3licos Los Olmos y Mesam\u00e1vida, por un total de 178 MW, siguen avanzando y alcanzan un progreso de 38% y 23%, respectivamente.<\/li>\n<\/ul>\n<ol start=\"5\">\n<li><strong>Lanzamiento de nuevos proyectos<\/strong><\/li>\n<\/ol>\n<ul>\n<li>Se inici\u00f3 la construcci\u00f3n de Andes Solar IIB, que tendr\u00e1 una capacidad de 180 MW, de los cuales 10 MW se instalar\u00e1n con la tecnolog\u00eda revolucionaria de Maverick de 5B y contar\u00e1 con el sistema de almacenamiento de bater\u00edas de litio \u2013 112 MW por 5 horas- m\u00e1s grande de Am\u00e9rica Latina.<\/li>\n<li>En la comuna de Los \u00c1ngeles se inici\u00f3 la construcci\u00f3n del parque e\u00f3lico Campo Lindo de 73 MW, el que ser\u00e1 parte del complejo e\u00f3lico de 480 MW en la regi\u00f3n.<\/li>\n<li>En Colombia se inici\u00f3 la construcci\u00f3n del parque solar San Fernando de 61 MW para Ecopetrol. Ser\u00e1 la planta solar de autogeneraci\u00f3n m\u00e1s grande del pa\u00eds cuando entre en operaci\u00f3n en 2021, cerca de la planta solar Castilla de 21 MW.<\/li>\n<\/ul>\n<ol start=\"6\">\n<li><strong>Prepago de Deuda<\/strong><\/li>\n<\/ol>\n<ul>\n<li>Alineado con su objetivo de fortalecer su grado de inversi\u00f3n, AES Gener realiz\u00f3 prepagos de deuda por un total de US$ 444 millones en los \u00faltimos meses.<\/li>\n<\/ul>\n","protected":false},"excerpt":{"rendered":"<p>AES Gener mantiene su s\u00f3lido desempe\u00f1o operacional y financiero durante el tercer trimestre del 2020. La compa\u00f1\u00eda, dando muestras de su resiliencia y capacidad de&hellip; <\/p>\n","protected":false},"author":2,"featured_media":31807,"comment_status":"open","ping_status":"closed","sticky":false,"template":"","format":"standard","meta":{"footnotes":""},"categories":[37,38],"tags":[],"class_list":["post-31806","post","type-post","status-publish","format-standard","has-post-thumbnail","hentry","category-nacional","category-portada-regional"],"_links":{"self":[{"href":"https:\/\/www.radioamigavallenar.cl\/index.php?rest_route=\/wp\/v2\/posts\/31806","targetHints":{"allow":["GET"]}}],"collection":[{"href":"https:\/\/www.radioamigavallenar.cl\/index.php?rest_route=\/wp\/v2\/posts"}],"about":[{"href":"https:\/\/www.radioamigavallenar.cl\/index.php?rest_route=\/wp\/v2\/types\/post"}],"author":[{"embeddable":true,"href":"https:\/\/www.radioamigavallenar.cl\/index.php?rest_route=\/wp\/v2\/users\/2"}],"replies":[{"embeddable":true,"href":"https:\/\/www.radioamigavallenar.cl\/index.php?rest_route=%2Fwp%2Fv2%2Fcomments&post=31806"}],"version-history":[{"count":1,"href":"https:\/\/www.radioamigavallenar.cl\/index.php?rest_route=\/wp\/v2\/posts\/31806\/revisions"}],"predecessor-version":[{"id":31808,"href":"https:\/\/www.radioamigavallenar.cl\/index.php?rest_route=\/wp\/v2\/posts\/31806\/revisions\/31808"}],"wp:featuredmedia":[{"embeddable":true,"href":"https:\/\/www.radioamigavallenar.cl\/index.php?rest_route=\/wp\/v2\/media\/31807"}],"wp:attachment":[{"href":"https:\/\/www.radioamigavallenar.cl\/index.php?rest_route=%2Fwp%2Fv2%2Fmedia&parent=31806"}],"wp:term":[{"taxonomy":"category","embeddable":true,"href":"https:\/\/www.radioamigavallenar.cl\/index.php?rest_route=%2Fwp%2Fv2%2Fcategories&post=31806"},{"taxonomy":"post_tag","embeddable":true,"href":"https:\/\/www.radioamigavallenar.cl\/index.php?rest_route=%2Fwp%2Fv2%2Ftags&post=31806"}],"curies":[{"name":"wp","href":"https:\/\/api.w.org\/{rel}","templated":true}]}}