{"id":31803,"date":"2020-11-07T08:36:47","date_gmt":"2020-11-07T11:36:47","guid":{"rendered":"https:\/\/www.radioamigavallenar.cl\/?p=31803"},"modified":"2020-11-07T08:36:47","modified_gmt":"2020-11-07T11:36:47","slug":"mas-de-200-mujeres-se-han-realizado-mamografia-gratuita-en-cesfam-de-chanaral","status":"publish","type":"post","link":"https:\/\/www.radioamigavallenar.cl\/?p=31803","title":{"rendered":"M\u00e1s de 200 mujeres se han realizado mamograf\u00eda gratuita en CESFAM de Cha\u00f1aral"},"content":{"rendered":"<p>Una muy buena respuesta en las mujeres de la comunidad cha\u00f1aralina ha tenido la cl\u00ednica m\u00f3vil de la Fundaci\u00f3n Arturo L\u00f3pez P\u00e9rez, ubicada en el sector de estacionamientos del Centro de Salud Familiar (CESFAM), la cual desde el 30 de octubre ha estado realizando mamograf\u00edas gratuitas a vecinas sobre los 40 a\u00f1os, con el objetivo de prevenir el c\u00e1ncer de mamas.<\/p>\n<p>M\u00e1s de 250 mujeres se han hecho este test hasta la fecha, de un total de 468, en un proceso que se seguir\u00e1 llevando a cabo hasta el pr\u00f3ximo lunes 16 de noviembre, y que est\u00e1 a cargo de la tecn\u00f3loga m\u00e9dica Karen Garc\u00eda Fern\u00e1ndez.<\/p>\n<p>El horario de atenci\u00f3n para las mujeres que est\u00e9n interesadas en hacerse este chequeo, es entre las 08:30 y las 17:00 horas, y el \u00fanico requisito es que est\u00e9n inscritas en el CESFAM, y ser usuarias de FONASA o PRAIS.<\/p>\n","protected":false},"excerpt":{"rendered":"<p>Una muy buena respuesta en las mujeres de la comunidad cha\u00f1aralina ha tenido la cl\u00ednica m\u00f3vil de la Fundaci\u00f3n Arturo L\u00f3pez P\u00e9rez, ubicada en el&hellip; <\/p>\n","protected":false},"author":2,"featured_media":31804,"comment_status":"open","ping_status":"closed","sticky":false,"template":"","format":"standard","meta":{"footnotes":""},"categories":[7],"tags":[],"class_list":["post-31803","post","type-post","status-publish","format-standard","has-post-thumbnail","hentry","category-atacama"],"_links":{"self":[{"href":"https:\/\/www.radioamigavallenar.cl\/index.php?rest_route=\/wp\/v2\/posts\/31803","targetHints":{"allow":["GET"]}}],"collection":[{"href":"https:\/\/www.radioamigavallenar.cl\/index.php?rest_route=\/wp\/v2\/posts"}],"about":[{"href":"https:\/\/www.radioamigavallenar.cl\/index.php?rest_route=\/wp\/v2\/types\/post"}],"author":[{"embeddable":true,"href":"https:\/\/www.radioamigavallenar.cl\/index.php?rest_route=\/wp\/v2\/users\/2"}],"replies":[{"embeddable":true,"href":"https:\/\/www.radioamigavallenar.cl\/index.php?rest_route=%2Fwp%2Fv2%2Fcomments&post=31803"}],"version-history":[{"count":1,"href":"https:\/\/www.radioamigavallenar.cl\/index.php?rest_route=\/wp\/v2\/posts\/31803\/revisions"}],"predecessor-version":[{"id":31805,"href":"https:\/\/www.radioamigavallenar.cl\/index.php?rest_route=\/wp\/v2\/posts\/31803\/revisions\/31805"}],"wp:featuredmedia":[{"embeddable":true,"href":"https:\/\/www.radioamigavallenar.cl\/index.php?rest_route=\/wp\/v2\/media\/31804"}],"wp:attachment":[{"href":"https:\/\/www.radioamigavallenar.cl\/index.php?rest_route=%2Fwp%2Fv2%2Fmedia&parent=31803"}],"wp:term":[{"taxonomy":"category","embeddable":true,"href":"https:\/\/www.radioamigavallenar.cl\/index.php?rest_route=%2Fwp%2Fv2%2Fcategories&post=31803"},{"taxonomy":"post_tag","embeddable":true,"href":"https:\/\/www.radioamigavallenar.cl\/index.php?rest_route=%2Fwp%2Fv2%2Ftags&post=31803"}],"curies":[{"name":"wp","href":"https:\/\/api.w.org\/{rel}","templated":true}]}}