{"id":31800,"date":"2020-11-07T08:35:46","date_gmt":"2020-11-07T11:35:46","guid":{"rendered":"https:\/\/www.radioamigavallenar.cl\/?p=31800"},"modified":"2020-11-07T08:35:46","modified_gmt":"2020-11-07T11:35:46","slug":"lorena-baggioni-pyme-duena-de-la-bodeguita-invito-a-la-comunidad-a-preferir-nuestros-productos-en-esta-nueva-version-de-%c2%a8cyber-compra-pyme%c2%a8","status":"publish","type":"post","link":"https:\/\/www.radioamigavallenar.cl\/?p=31800","title":{"rendered":"Lorena Baggioni, pyme due\u00f1a de \u201cLa Bodeguita\u201d: \u201cInvito a la comunidad a preferir nuestros productos en esta nueva versi\u00f3n de \u00a8Cyber Compra Pyme\u00a8\u201d"},"content":{"rendered":"<ul>\n<li><strong>Ingresa a\u00a0<a href=\"http:\/\/www.comprapyme.cl\/\">comprapyme.cl<\/a>\u00a0desde este 5 al 8 de noviembre y encuentra productos y\/o servicios, de los m\u00e1s diversos rubros y a precios para todos los bolsillos y todas con un sello com\u00fan: calidad y cercan\u00eda en el servicio.<\/strong><\/li>\n<li><strong>La \u201cBodeguita\u201d pueden encontrarla en Facebook como \u201cLa Bodeguita Copiap\u00f3\u201d y solicitar sus productos y servicios.<\/strong><\/li>\n<\/ul>\n<p>\u201cLa Bodeguita se inici\u00f3 para ventas de frutos secos y con el tiempo crecimos para todo p\u00fablico. Luego, con el estallido social y la pandemia, tuvimos que reinventarnos, lo que fue complejo porque no manejaba el mundo digital. Sin embargo, las redes sociales cumplieron un rol fundamental, donde mis clientes lograron pasar de la atenci\u00f3n presencial al delivery\u201d, dijo Lorena Baggioni, due\u00f1a del local comercial\u00a0 ubicado en la calle Pedro Pablo Figueroa en Copiap\u00f3 y ahora tiene su tienda online \u201cLa Bodeguita\u201d.<\/p>\n<p>Este sin lugar a dudas, ha sido un a\u00f1o diferente para todos, es por esto que la Semana de la Pyme, liderada por el Ministerio de Econom\u00eda, celebra desde el 2012 esta fiesta para las pymes. No obstante, y debido a la contingencia sanitaria, es que este 2020 se realiza \u2013 aunque de una de manera diferente- con foco en lo digital, para promocionar la venta de los emprendedores de nuestro pa\u00eds, que son el motor de nuestra econom\u00eda y quienes cumplir\u00e1n un rol fundamental en la reactivaci\u00f3n.<\/p>\n<p>\u201cInvitamos a la gente de Atacama y sus nueve comunas a que durante el 5 y 8 de noviembre ingresen al sitio web www.comprapyme.cl y apoyen a las m\u00e1s de 70 pymes de nuestra regi\u00f3n que estar\u00e1n presente con sus productos y servicios. Ellas requieren de todo nuestro apoyo y preferencia. Adem\u00e1s, podr\u00e1n conocer productos y servicios de m\u00e1s de 4.000 emprendedores que expondr\u00e1n sus negocios en este sitio, que es la vitrina virtual de pymes m\u00e1s grande de Chile, creada para destacar el rol de las peque\u00f1as y medianas empresas en la econom\u00eda local, adem\u00e1s de apoyarlas para que promocionen, difundan y comercialicen sus productos\u201d dijo el Seremi de Econom\u00eda, Fomento y Turismo, Manuel Nanjar\u00ed Contreras.<\/p>\n<p>Durante la pandemia del coronavirus, muchos emprendedores han reinventado sus negocios y lo hemos visto desde muy cerca. Esto refuerza la resiliencia de las pymes de nuestro pa\u00eds y que son la mayor\u00eda de las empresas de Chile, que entregan gran parte del empleo.<\/p>\n<p>\u201cEn la actualidad, hacemos delivery en las comunas de Copiap\u00f3, Tierra Amarilla, San Pedro y Piedra Colgada. Y, este \u00faltimo tiempo nos hemos reinventado a\u00fan m\u00e1s, entonces comenzamos con el cultivo de frutas y verduras org\u00e1nicos, desde nuestra parcela en la salida norte de Copiap\u00f3, donde entregamos m\u00e1s servicios y productos a nuestros clientes\u201d, dijo Baggioni y adem\u00e1s agreg\u00f3 que: \u201cEncuentro muy buena esta iniciativa online, porque hoy eso es lo que se necesita, tanto para los clientes y para las pymes, porque nos abre el mercado nacional y la Bodeguita se puede hacer conocida en otro lugar de Atacama y de Chile\u201d, finaliz\u00f3 la pyme.<\/p>\n<p>En\u00a0<a href=\"http:\/\/www.comprapyme.cl\/\">www.CompraPyme.cl<\/a>\u00a0podr\u00e1s encontrar productos y servicios de m\u00e1s de 3.800 pymes de todo Chile y 77 emprendedores en Atacama, donde hay productos desde ropa, zapatos, productos gourmet, frutos secos, decoraci\u00f3n, plantas, restaurantes, cafeter\u00edas, librer\u00edas, alojamiento, servicios de construcci\u00f3n, asesor\u00edas de marketing, peluquer\u00edas y mucho m\u00e1s.<\/p>\n","protected":false},"excerpt":{"rendered":"<p>Ingresa a\u00a0comprapyme.cl\u00a0desde este 5 al 8 de noviembre y encuentra productos y\/o servicios, de los m\u00e1s diversos rubros y a precios para todos los bolsillos&hellip; <\/p>\n","protected":false},"author":2,"featured_media":31801,"comment_status":"open","ping_status":"closed","sticky":false,"template":"","format":"standard","meta":{"footnotes":""},"categories":[7],"tags":[],"class_list":["post-31800","post","type-post","status-publish","format-standard","has-post-thumbnail","hentry","category-atacama"],"_links":{"self":[{"href":"https:\/\/www.radioamigavallenar.cl\/index.php?rest_route=\/wp\/v2\/posts\/31800","targetHints":{"allow":["GET"]}}],"collection":[{"href":"https:\/\/www.radioamigavallenar.cl\/index.php?rest_route=\/wp\/v2\/posts"}],"about":[{"href":"https:\/\/www.radioamigavallenar.cl\/index.php?rest_route=\/wp\/v2\/types\/post"}],"author":[{"embeddable":true,"href":"https:\/\/www.radioamigavallenar.cl\/index.php?rest_route=\/wp\/v2\/users\/2"}],"replies":[{"embeddable":true,"href":"https:\/\/www.radioamigavallenar.cl\/index.php?rest_route=%2Fwp%2Fv2%2Fcomments&post=31800"}],"version-history":[{"count":1,"href":"https:\/\/www.radioamigavallenar.cl\/index.php?rest_route=\/wp\/v2\/posts\/31800\/revisions"}],"predecessor-version":[{"id":31802,"href":"https:\/\/www.radioamigavallenar.cl\/index.php?rest_route=\/wp\/v2\/posts\/31800\/revisions\/31802"}],"wp:featuredmedia":[{"embeddable":true,"href":"https:\/\/www.radioamigavallenar.cl\/index.php?rest_route=\/wp\/v2\/media\/31801"}],"wp:attachment":[{"href":"https:\/\/www.radioamigavallenar.cl\/index.php?rest_route=%2Fwp%2Fv2%2Fmedia&parent=31800"}],"wp:term":[{"taxonomy":"category","embeddable":true,"href":"https:\/\/www.radioamigavallenar.cl\/index.php?rest_route=%2Fwp%2Fv2%2Fcategories&post=31800"},{"taxonomy":"post_tag","embeddable":true,"href":"https:\/\/www.radioamigavallenar.cl\/index.php?rest_route=%2Fwp%2Fv2%2Ftags&post=31800"}],"curies":[{"name":"wp","href":"https:\/\/api.w.org\/{rel}","templated":true}]}}