{"id":31797,"date":"2020-11-07T08:28:15","date_gmt":"2020-11-07T11:28:15","guid":{"rendered":"https:\/\/www.radioamigavallenar.cl\/?p=31797"},"modified":"2020-11-07T08:28:15","modified_gmt":"2020-11-07T11:28:15","slug":"escuela-especial-pukara-recibe-recursos-para-la-inclusion-educativa","status":"publish","type":"post","link":"https:\/\/www.radioamigavallenar.cl\/?p=31797","title":{"rendered":"Escuela Especial Pukar\u00e1 recibe recursos para la inclusi\u00f3n educativa"},"content":{"rendered":"<p>Este apoyo financiero, cercano a los $10 millones de pesos, corresponde a un convenio de transferencia de estrategias por parte del Servicio Nacional de la Discapacidad (SENADIS).<span id=\"more-224556\"><\/span><\/p>\n<p>&nbsp;<\/p>\n<p>Con el objetivo de formar una comunidad educativa en base a la nueva realidad, el Servicio Nacional de la Discapacidad (SENADIS) se encuentra haciendo entrega de recursos para incrementar el nivel de inclusi\u00f3n educativa de los estudiantes con discapacidad en las distintas instituciones educativas.<\/p>\n<p>En esta oportunidad, y tras postular a esta iniciativa, la Escuela Especial Pukar\u00e1 se vio favorecida con una transferencia monetaria cercana a los $10 millones de pesos, lo que les permitir\u00e1 desarrollar una educaci\u00f3n inclusiva a distancia mediante el uso de Tablet y banda ancha gratuita.<\/p>\n<p>Tras este anuncio, el seremi de Desarrollo Social y Familia, Luis Morales Vergara, en compa\u00f1\u00eda de la directora regional de SENADIS, Gabriela Villanueva, y la seremi de Educaci\u00f3n, Silvia \u00c1lvarez Matthews, visitaron la Escuela Especial Pukar\u00e1 de Copiap\u00f3 y a su equipo de profesionales, para felicitarlos por este beneficio.<\/p>\n<p>\u201cHoy hemos dado un paso muy importante en materia de inclusi\u00f3n. Y tiene relaci\u00f3n en como acercamos nuevas metodolog\u00edas educativas para la formaci\u00f3n integral de ni\u00f1os, ni\u00f1as y adolescentes con trastornos del espectro autista (TEA) que acuden a este establecimiento educacional. De esta forma, ayudaremos a m\u00e1s de 44 alumnos en su proceso educativo y crecimiento personal\u201d, sostuvo el seremi Morales.<\/p>\n<p>Por su parte, Ver\u00f3nica Contreras N\u00fa\u00f1ez, directora de la Escuela Especial Pukar\u00e1, se refiri\u00f3 a la importancia de este nuevo acceso tecnol\u00f3gico. \u201cRequer\u00edamos la implementaci\u00f3n tecnol\u00f3gica para nuestros alumnos. Y estas Tablet que van a recibir ellos, van a venir a apoyarlos directamente al trabajo que ya estamos haciendo con los docentes y con el equipo interdisciplinario. As\u00ed que, estamos muy contentos\u201d.<\/p>\n<p>Marjorine Campusano, trabajadora social de la Escuela Especial Pukar\u00e1, indic\u00f3 que \u201cno todos nuestros alumnos contaban con la posibilidad de contarse, tener internet y adem\u00e1s un dispositivo para poder acceder a sus clases. Por esto que la necesidad era de urgencia poder satisfacerla y, claramente el proyecto de emergencia de SENADIS fue la alternativa consideramos llevar a cabo.<\/p>\n<p>Este convenio de transferencia de estrategias por parte de SENADIS Atacama, incorporar\u00e1 una red de herramientas, instrumentos y materiales existentes para desarrollar una educaci\u00f3n inclusiva a distancia y sin complicaciones.<\/p>\n<p>La directora regional de SENADIS, Gabriela Villanueva se\u00f1al\u00f3 que \u201chemos dado inicio a un importante convenio de colaboraci\u00f3n con el establecimiento, que va a permitir inyectar alrededor de $10 millones de pesos para comprar tecnolog\u00eda que permita que el establecimiento complemente sus pr\u00e1cticas pedag\u00f3gicas y pueda as\u00ed llegar a la casa de cada uno de los estudiantes\u201d.<\/p>\n<p>Finalmente, la seremi de Educaci\u00f3n, Silvia \u00c1lvarez, manifest\u00f3 que \u201ces una ayuda maravillosa para las familias que tienen sus sue\u00f1os, para las esperanzas que tienen en ellos. Porque tenemos que ser constructores de personas que puedan valerse por s\u00ed misma. Agradecer el trabajo enorme que hace todo el equipo educativo dirigido por su directora, y que est\u00e1 llegando a los ni\u00f1os de una manera maravillosa\u201d.<\/p>\n","protected":false},"excerpt":{"rendered":"<p>Este apoyo financiero, cercano a los $10 millones de pesos, corresponde a un convenio de transferencia de estrategias por parte del Servicio Nacional de la&hellip; <\/p>\n","protected":false},"author":2,"featured_media":31798,"comment_status":"open","ping_status":"closed","sticky":false,"template":"","format":"standard","meta":{"footnotes":""},"categories":[7],"tags":[],"class_list":["post-31797","post","type-post","status-publish","format-standard","has-post-thumbnail","hentry","category-atacama"],"_links":{"self":[{"href":"https:\/\/www.radioamigavallenar.cl\/index.php?rest_route=\/wp\/v2\/posts\/31797","targetHints":{"allow":["GET"]}}],"collection":[{"href":"https:\/\/www.radioamigavallenar.cl\/index.php?rest_route=\/wp\/v2\/posts"}],"about":[{"href":"https:\/\/www.radioamigavallenar.cl\/index.php?rest_route=\/wp\/v2\/types\/post"}],"author":[{"embeddable":true,"href":"https:\/\/www.radioamigavallenar.cl\/index.php?rest_route=\/wp\/v2\/users\/2"}],"replies":[{"embeddable":true,"href":"https:\/\/www.radioamigavallenar.cl\/index.php?rest_route=%2Fwp%2Fv2%2Fcomments&post=31797"}],"version-history":[{"count":1,"href":"https:\/\/www.radioamigavallenar.cl\/index.php?rest_route=\/wp\/v2\/posts\/31797\/revisions"}],"predecessor-version":[{"id":31799,"href":"https:\/\/www.radioamigavallenar.cl\/index.php?rest_route=\/wp\/v2\/posts\/31797\/revisions\/31799"}],"wp:featuredmedia":[{"embeddable":true,"href":"https:\/\/www.radioamigavallenar.cl\/index.php?rest_route=\/wp\/v2\/media\/31798"}],"wp:attachment":[{"href":"https:\/\/www.radioamigavallenar.cl\/index.php?rest_route=%2Fwp%2Fv2%2Fmedia&parent=31797"}],"wp:term":[{"taxonomy":"category","embeddable":true,"href":"https:\/\/www.radioamigavallenar.cl\/index.php?rest_route=%2Fwp%2Fv2%2Fcategories&post=31797"},{"taxonomy":"post_tag","embeddable":true,"href":"https:\/\/www.radioamigavallenar.cl\/index.php?rest_route=%2Fwp%2Fv2%2Ftags&post=31797"}],"curies":[{"name":"wp","href":"https:\/\/api.w.org\/{rel}","templated":true}]}}