{"id":31794,"date":"2020-11-07T08:26:31","date_gmt":"2020-11-07T11:26:31","guid":{"rendered":"https:\/\/www.radioamigavallenar.cl\/?p=31794"},"modified":"2020-11-07T08:26:31","modified_gmt":"2020-11-07T11:26:31","slug":"general-juan-pablo-caneo-deja-el-cargo-de-jefe-de-zona-en-atacama","status":"publish","type":"post","link":"https:\/\/www.radioamigavallenar.cl\/?p=31794","title":{"rendered":"General Juan Pablo Caneo deja el cargo de jefe de zona en Atacama"},"content":{"rendered":"<div id=\"mvp-content-main\" class=\"left relative\">\n<p><strong>La m\u00e1xima autoridad de Carabineros asumir\u00e1 similares funciones en la Regi\u00f3n del Biob\u00edo.<\/strong><span id=\"more-224587\"><\/span><\/p>\n<p>Ayer viernes \u00a0se dio a conocer la composici\u00f3n del Alto Mando institucional para el a\u00f1o 2021, propuesta por el General Director de Carabineros Mario Rozas C\u00f3rdova y aprobado por el Presidente de la Rep\u00fablica Sebasti\u00e1n Pi\u00f1era Echenique.<\/p>\n<p>Dentro de los 41 generales que conforman el Alto Mando de Carabineros se encuentra el nuevo jefe de zona para Atacama, General Luis Aguilera Mendoza, oficial que asumir\u00e1 su nuevo cargo dentro de los pr\u00f3ximos d\u00edas, una vez que sea investido en su nuevo grado.<\/p>\n<p>Para el General Juan Pablo Caneo es un alto honor seguir formando parte del Alto Mando de Carabineros de Chile por un a\u00f1o m\u00e1s, y adem\u00e1s muy contento de volver al Biob\u00edo, una regi\u00f3n donde estuvo cumpliendo diversas funciones, dejando atr\u00e1s una etapa compleja que estuvo marcada por esta pandemia.<\/p>\n<p>\u201cEs realmente un orgullo vestir el verde uniforme de Carabineros de Chile, pero tambi\u00e9n tengo que reconocer que es un orgullo sentir el respaldo del General Director y del Presidente de la Rep\u00fablica, lo cual demuestra que el trabajo desarrollado en Atacama estuvo en la senda correcta y que cada uno de quienes nos desempe\u00f1amos en la regi\u00f3n lo hicimos con afecto y con sacrificio por cumplir de la mejor forma posible los sensibles roles confiados a esta gran instituci\u00f3n de servicio p\u00fablico\u201d, coment\u00f3 el General Caneo.<\/p>\n<\/div>\n<div id=\"mvp-content-bot\" class=\"left\">\n<div class=\"mvp-post-tags\"><\/div>\n<\/div>\n","protected":false},"excerpt":{"rendered":"<p>La m\u00e1xima autoridad de Carabineros asumir\u00e1 similares funciones en la Regi\u00f3n del Biob\u00edo. Ayer viernes \u00a0se dio a conocer la composici\u00f3n del Alto Mando institucional&hellip; <\/p>\n","protected":false},"author":2,"featured_media":31795,"comment_status":"open","ping_status":"closed","sticky":false,"template":"","format":"standard","meta":{"footnotes":""},"categories":[7,6],"tags":[],"class_list":["post-31794","post","type-post","status-publish","format-standard","has-post-thumbnail","hentry","category-atacama","category-policial"],"_links":{"self":[{"href":"https:\/\/www.radioamigavallenar.cl\/index.php?rest_route=\/wp\/v2\/posts\/31794","targetHints":{"allow":["GET"]}}],"collection":[{"href":"https:\/\/www.radioamigavallenar.cl\/index.php?rest_route=\/wp\/v2\/posts"}],"about":[{"href":"https:\/\/www.radioamigavallenar.cl\/index.php?rest_route=\/wp\/v2\/types\/post"}],"author":[{"embeddable":true,"href":"https:\/\/www.radioamigavallenar.cl\/index.php?rest_route=\/wp\/v2\/users\/2"}],"replies":[{"embeddable":true,"href":"https:\/\/www.radioamigavallenar.cl\/index.php?rest_route=%2Fwp%2Fv2%2Fcomments&post=31794"}],"version-history":[{"count":1,"href":"https:\/\/www.radioamigavallenar.cl\/index.php?rest_route=\/wp\/v2\/posts\/31794\/revisions"}],"predecessor-version":[{"id":31796,"href":"https:\/\/www.radioamigavallenar.cl\/index.php?rest_route=\/wp\/v2\/posts\/31794\/revisions\/31796"}],"wp:featuredmedia":[{"embeddable":true,"href":"https:\/\/www.radioamigavallenar.cl\/index.php?rest_route=\/wp\/v2\/media\/31795"}],"wp:attachment":[{"href":"https:\/\/www.radioamigavallenar.cl\/index.php?rest_route=%2Fwp%2Fv2%2Fmedia&parent=31794"}],"wp:term":[{"taxonomy":"category","embeddable":true,"href":"https:\/\/www.radioamigavallenar.cl\/index.php?rest_route=%2Fwp%2Fv2%2Fcategories&post=31794"},{"taxonomy":"post_tag","embeddable":true,"href":"https:\/\/www.radioamigavallenar.cl\/index.php?rest_route=%2Fwp%2Fv2%2Ftags&post=31794"}],"curies":[{"name":"wp","href":"https:\/\/api.w.org\/{rel}","templated":true}]}}