{"id":31791,"date":"2020-11-07T08:24:55","date_gmt":"2020-11-07T11:24:55","guid":{"rendered":"https:\/\/www.radioamigavallenar.cl\/?p=31791"},"modified":"2020-11-07T08:24:55","modified_gmt":"2020-11-07T11:24:55","slug":"desarticulan-agrupacion-delictual-dedicada-al-trafico-de-drogas","status":"publish","type":"post","link":"https:\/\/www.radioamigavallenar.cl\/?p=31791","title":{"rendered":"Desarticulan agrupaci\u00f3n delictual dedicada al tr\u00e1fico de drogas"},"content":{"rendered":"<p><strong>Se trata de tres sujetos de nacionalidad Chilena y un Boliviano<\/strong><span id=\"more-224548\"><\/span><\/p>\n<p>&nbsp;<\/p>\n<p>Producto de los servicios preventivos de O.S.7 Atacama a trav\u00e9s de un control vehicular desarrollado en la ruta 5 Norte altura del Km 752, salida sur de Copiap\u00f3, se fiscaliz\u00f3 un veh\u00edculo menor proveniente del Norte del pa\u00eds, logrando detectar el transportes de drogas, continuando con las diligencias se pudo establecer que tal il\u00edcito se realizaba en conjunto con dos veh\u00edculos menores, logrando as\u00ed comprobar que los tres veh\u00edculos vinculados cumpl\u00edan la funci\u00f3n de escoltas.<\/p>\n<p>Al efectuar una revisi\u00f3n a los veh\u00edculos, se pudo verificar que al interior de uno de ellos, se manten\u00eda oculto un total de 15 paquetes contenedores de Pasta Base, Clorhidrato de Coca\u00edna y Marihuana; Producto de lo anterior, se procedi\u00f3 a la detenci\u00f3n de F.I.C.Z., de 25 a\u00f1os, J.P.R.G., de 43 a\u00f1os, C.A.A.B., de 31 a\u00f1os, todos de nacionalidad chilena, y A.B.J., de 29 a\u00f1os, de nacionalidad Boliviana, todos por infracci\u00f3n a la Ley 20.000, contando con antecedentes penales por el mismo delito.<\/p>\n<p>De igual modo se continuaron las diligencias en la regi\u00f3n de Coquimbo, realizando el allanamiento de 4 domicilios particulares.<\/p>\n<p>De los hechos acontecidos se dio cuenta a la Fiscal\u00eda Local de Copiap\u00f3, instruyendo que la totalidad de los imputados pasaran a control de detenci\u00f3n .<\/p>\n","protected":false},"excerpt":{"rendered":"<p>Se trata de tres sujetos de nacionalidad Chilena y un Boliviano &nbsp; Producto de los servicios preventivos de O.S.7 Atacama a trav\u00e9s de un control&hellip; <\/p>\n","protected":false},"author":2,"featured_media":31792,"comment_status":"open","ping_status":"closed","sticky":false,"template":"","format":"standard","meta":{"footnotes":""},"categories":[7,6],"tags":[],"class_list":["post-31791","post","type-post","status-publish","format-standard","has-post-thumbnail","hentry","category-atacama","category-policial"],"_links":{"self":[{"href":"https:\/\/www.radioamigavallenar.cl\/index.php?rest_route=\/wp\/v2\/posts\/31791","targetHints":{"allow":["GET"]}}],"collection":[{"href":"https:\/\/www.radioamigavallenar.cl\/index.php?rest_route=\/wp\/v2\/posts"}],"about":[{"href":"https:\/\/www.radioamigavallenar.cl\/index.php?rest_route=\/wp\/v2\/types\/post"}],"author":[{"embeddable":true,"href":"https:\/\/www.radioamigavallenar.cl\/index.php?rest_route=\/wp\/v2\/users\/2"}],"replies":[{"embeddable":true,"href":"https:\/\/www.radioamigavallenar.cl\/index.php?rest_route=%2Fwp%2Fv2%2Fcomments&post=31791"}],"version-history":[{"count":1,"href":"https:\/\/www.radioamigavallenar.cl\/index.php?rest_route=\/wp\/v2\/posts\/31791\/revisions"}],"predecessor-version":[{"id":31793,"href":"https:\/\/www.radioamigavallenar.cl\/index.php?rest_route=\/wp\/v2\/posts\/31791\/revisions\/31793"}],"wp:featuredmedia":[{"embeddable":true,"href":"https:\/\/www.radioamigavallenar.cl\/index.php?rest_route=\/wp\/v2\/media\/31792"}],"wp:attachment":[{"href":"https:\/\/www.radioamigavallenar.cl\/index.php?rest_route=%2Fwp%2Fv2%2Fmedia&parent=31791"}],"wp:term":[{"taxonomy":"category","embeddable":true,"href":"https:\/\/www.radioamigavallenar.cl\/index.php?rest_route=%2Fwp%2Fv2%2Fcategories&post=31791"},{"taxonomy":"post_tag","embeddable":true,"href":"https:\/\/www.radioamigavallenar.cl\/index.php?rest_route=%2Fwp%2Fv2%2Ftags&post=31791"}],"curies":[{"name":"wp","href":"https:\/\/api.w.org\/{rel}","templated":true}]}}