{"id":31788,"date":"2020-11-07T08:23:56","date_gmt":"2020-11-07T11:23:56","guid":{"rendered":"https:\/\/www.radioamigavallenar.cl\/?p=31788"},"modified":"2020-11-07T08:23:56","modified_gmt":"2020-11-07T11:23:56","slug":"campana-educativa-forma-parte-de-las-estrategias-implementadas-en-freirina-para-registrar-cero-casos-activos","status":"publish","type":"post","link":"https:\/\/www.radioamigavallenar.cl\/?p=31788","title":{"rendered":"Campa\u00f1a educativa forma parte de las estrategias implementadas en Freirina para registrar cero casos activos"},"content":{"rendered":"<p><strong>Se dieron a conocer los avances en una actividad que cont\u00f3 con la presencia del alcalde, concejales, vecinos, l\u00edderes de departamentos y equipo de la empresa energ\u00e9tica.<\/strong><\/p>\n<p><strong><em>\u00a0<\/em><\/strong><span id=\"more-224573\"><\/span><\/p>\n<p>M\u00e1s de 50 protagonistas, entre vecinos, autoridades, dirigentes sociales e incluso la figura del recordado practicante \u00d3scar Ruiz Toro, han sido parte de la campa\u00f1a educativa realizada en Freirina con el prop\u00f3sito de prevenir nuevos contagios de coronavirus y con el lema \u201cestar separados hoy es el mejor esfuerzo para volver a estar juntos ma\u00f1ana\u201d.<\/p>\n<p>Entre los principales atributos de esta iniciativa, que lleva cuatro meses en desarrollo y ha sido liderada por el municipio local y Parque E\u00f3lico Sarco, destaca la inclusi\u00f3n a trav\u00e9s de la interpretaci\u00f3n de lengua de se\u00f1as, llegar a todos los p\u00fablicos, y la presencia medi\u00e1tica en radio, notas de prensa, boletines y redes sociales.<\/p>\n<p>Por lo mismo, para el Alcalde de la comuna, C\u00e9sar Orellana, una de las claves fue llegar a distintos lugares de la comuna, incluyendo zonas rurales y costeras. \u201cLo importante de esta campa\u00f1a es que lleg\u00f3 a todo p\u00fablico. Est\u00e1 dirigida a los ni\u00f1os, j\u00f3venes y tambi\u00e9n a los adultos mayores, a personas que escuchan la radio y, por otra parte, quienes son muy activos en redes sociales. Creemos que estuvimos en lo correcto, ya que lleg\u00f3 a cada uno de los rincones del territorio tambi\u00e9n a trav\u00e9s de un bolet\u00edn informativo, especialmente dirigido a nuestros adultos mayores; y eso nos tiene muy contentos\u201d, se\u00f1al\u00f3.<\/p>\n<p>Nicol\u00e1s Espinoza, gerente de Comunicaciones, Medio Ambiente y Comunidades de Aela Energ\u00eda, destac\u00f3 la iniciativa y el trabajo conjunto de todos quienes se sumaron. \u201cEsta pandemia ha sido un momento dif\u00edcil para todos, para el sector p\u00fablico, privado y para todos los ciudadanos de este pa\u00eds. Por esto, unir esfuerzos y formar alianzas en beneficio de la comunidad es fundamental. En este caso, nos unimos con la municipalidad de Freirina para aportar con una campa\u00f1a comunicacional que educara en el autocuidado y prevenci\u00f3n del coronavirus a todos los habitantes de la comuna, la cual tuvo alta participaci\u00f3n y excelentes resultados\u201d.<\/p>\n<p>Sim\u00f3n L\u00f3pez, jefe de Relaciones Comunitarias de Parque E\u00f3lico Sarco, destac\u00f3 la buena gesti\u00f3n de las autoridades, equipo m\u00e9dico y la colaboraci\u00f3n de los vecinos en la gesti\u00f3n de prevenci\u00f3n de la pandemia y tambi\u00e9n en su compromiso con esta campa\u00f1a. \u201cComo parque estamos orgullosos de c\u00f3mo la comunidad ha recepcionado el mensaje que hemos tratado de sociabilizar a trav\u00e9s del autocuidado y protecci\u00f3n para que podamos tener una comunidad sana, protegida y educada\u201d. Tambi\u00e9n, se refiri\u00f3 a las distintas estrategias de apoyo al equipo municipal y en beneficio de la comunidad como la donaci\u00f3n de elementos de protecci\u00f3n personal (EPP) y \u201cun programa de Indagaci\u00f3n Cient\u00edfica a Distancia, considerando las dificultades que para la educaci\u00f3n ha significado este proceso de adaptaci\u00f3n en el actual contexto\u201d.<\/p>\n<p>Actualmente, la campa\u00f1a centra su mensaje en el reforzamiento de 10 medidas para prevenir el coronavirus: uso de mascarilla, lavado de manos, distancia social, portar alcohol gel, saludar de lejos, no tocar el rostro luego de pasar las manos por superficies, cubrir la boca con el antebrazo al toser, desinfectar los zapatos, desinfectar las compras y tomar medidas al salir de casa pensando que el virus est\u00e1 en cualquier parte.<\/p>\n<p>Libby Osorio, presidenta de la Uni\u00f3n Comunal de Juntas de Vecinos de Freirina, agradeci\u00f3 el compromiso y apoyo entre los vecinos. \u201cEstamos contentos de que ning\u00fan vecino est\u00e9 contagiado, sin embargo, no debemos relajarnos porque esto no ha terminado\u201d.<\/p>\n<p><strong>In\u00e9dito Centro Exclusiva de Atenci\u00f3n Respiratoria<\/strong><\/p>\n<p>Una de las grandes acciones que se realizaron en este contexto de pandemia fue la creaci\u00f3n del Centro Exclusivo de Atenci\u00f3n Respiratoria (CEAR), orientado a las personas con Covid-19, que presentan s\u00edntomas o que hayan sido contacto estrecho de alg\u00fan caso positivos. \u201cEl CEAR es una de las estrategias realizadas y que actualmente nos permiten registrar cero caso activo en la comuna. Estamos conscientes que puede ser moment\u00e1neo, por lo que se sigue reforzando el llamado a estar atentos, porque en cualquier momento podemos volver a una situaci\u00f3n como en la que estuvimos meses anteriores, pasando momentos muy angustiantes para la comuna, las familias y el equipo m\u00e9dico\u201d, destac\u00f3 Gonzalo Opazo, director Cesfam de Freirina.<\/p>\n<p><strong>Red de apoyo psicosocial voluntario<\/strong><\/p>\n<p>Otras de las iniciativas destacadas y que tambi\u00e9n ha sido parte de la campa\u00f1a educativa es el servicio voluntario prestado por la \u201cRed de apoyo psicosocial\u201d, conformada por profesionales del \u00e1rea. Jorge Parra lidera esta red y se\u00f1ala que \u00e9l y sus colegas permanecen atentos las 24 horas del d\u00eda para coordinar y posteriormente atender a los vecinos que lo requieren y que se han visto afectados en su salud mental durante esta pandemia. La atenci\u00f3n es gratuita y se puede realizar v\u00eda telef\u00f3nica, online o por whatsapp.<\/p>\n","protected":false},"excerpt":{"rendered":"<p>Se dieron a conocer los avances en una actividad que cont\u00f3 con la presencia del alcalde, concejales, vecinos, l\u00edderes de departamentos y equipo de la&hellip; <\/p>\n","protected":false},"author":2,"featured_media":31789,"comment_status":"open","ping_status":"closed","sticky":false,"template":"","format":"standard","meta":{"footnotes":""},"categories":[7],"tags":[],"class_list":["post-31788","post","type-post","status-publish","format-standard","has-post-thumbnail","hentry","category-atacama"],"_links":{"self":[{"href":"https:\/\/www.radioamigavallenar.cl\/index.php?rest_route=\/wp\/v2\/posts\/31788","targetHints":{"allow":["GET"]}}],"collection":[{"href":"https:\/\/www.radioamigavallenar.cl\/index.php?rest_route=\/wp\/v2\/posts"}],"about":[{"href":"https:\/\/www.radioamigavallenar.cl\/index.php?rest_route=\/wp\/v2\/types\/post"}],"author":[{"embeddable":true,"href":"https:\/\/www.radioamigavallenar.cl\/index.php?rest_route=\/wp\/v2\/users\/2"}],"replies":[{"embeddable":true,"href":"https:\/\/www.radioamigavallenar.cl\/index.php?rest_route=%2Fwp%2Fv2%2Fcomments&post=31788"}],"version-history":[{"count":1,"href":"https:\/\/www.radioamigavallenar.cl\/index.php?rest_route=\/wp\/v2\/posts\/31788\/revisions"}],"predecessor-version":[{"id":31790,"href":"https:\/\/www.radioamigavallenar.cl\/index.php?rest_route=\/wp\/v2\/posts\/31788\/revisions\/31790"}],"wp:featuredmedia":[{"embeddable":true,"href":"https:\/\/www.radioamigavallenar.cl\/index.php?rest_route=\/wp\/v2\/media\/31789"}],"wp:attachment":[{"href":"https:\/\/www.radioamigavallenar.cl\/index.php?rest_route=%2Fwp%2Fv2%2Fmedia&parent=31788"}],"wp:term":[{"taxonomy":"category","embeddable":true,"href":"https:\/\/www.radioamigavallenar.cl\/index.php?rest_route=%2Fwp%2Fv2%2Fcategories&post=31788"},{"taxonomy":"post_tag","embeddable":true,"href":"https:\/\/www.radioamigavallenar.cl\/index.php?rest_route=%2Fwp%2Fv2%2Ftags&post=31788"}],"curies":[{"name":"wp","href":"https:\/\/api.w.org\/{rel}","templated":true}]}}