{"id":31782,"date":"2020-11-06T06:46:57","date_gmt":"2020-11-06T09:46:57","guid":{"rendered":"https:\/\/www.radioamigavallenar.cl\/?p=31782"},"modified":"2020-11-06T11:48:20","modified_gmt":"2020-11-06T14:48:20","slug":"este-sabado-se-publica-nomina-de-vocales-de-mesa-y-locales-de-elecciones-primarias","status":"publish","type":"post","link":"https:\/\/www.radioamigavallenar.cl\/?p=31782","title":{"rendered":"Este s\u00e1bado se publica n\u00f3mina de vocales de mesa y locales de elecciones primarias"},"content":{"rendered":"<p><strong>En el sitio\u00a0<\/strong><a href=\"https:\/\/servel.us15.list-manage.com\/track\/click?u=164fc57d7a3c93ed4382fecdb&amp;id=5134b22bc2&amp;e=7d9d6300b5\"><strong>www.servel.cl<\/strong><\/a><strong>\u00a0se podr\u00e1 conocer la mesa y el local de votaci\u00f3n, que pueden haber cambiado respecto del Plebiscito, como tambi\u00e9n conocer si las Juntas Electorales le han designado como vocal de mesa.<\/strong><span id=\"more-127812\"><\/span><\/p>\n<p>Este s\u00e1bado\u00a07 de noviembre, el Servicio Electoral publica la n\u00f3mina de vocales de mesa designados por las Juntas Electorales para desempe\u00f1arse en las Elecciones Primarias. De la misma forma, se publicar\u00e1n las mesas y locales de votaci\u00f3n, que para optimizar al atenci\u00f3n de los electores se han reducido en cantidad, lo que implica cambios en relaci\u00f3n con el Plebiscito Nacional 2020.<\/p>\n<p>En esta oportunidad, las Juntas Electorales determinar\u00e1n los vocales sorte\u00e1ndolos entre quienes fueron nombrados para dicha funci\u00f3n en el Plebiscito Nacional. Para las 21.281 mesas de sufragio se dispondr\u00e1 de cinco vocales.\u00a0 No obstante, una mesa podr\u00e1 funcionar con la presencia de solo tres vocales.<\/p>\n<p>Para estas elecciones Primaras y seg\u00fan la normativa dictada por Servel, las mesas funcionar\u00e1n entre las\u00a0<strong>8.00 y 18.00 horas<\/strong>, a menos que, llegada la hora de cierre, hubiese electores de la mesa esperando para sufragar.<\/p>\n<p>En los tres d\u00edas h\u00e1biles siguientes a la publicaci\u00f3n de la n\u00f3mina de vocales, es decir lunes 9, martes 10 y mi\u00e9rcoles 11 de noviembre, los vocales que lo necesiten, podr\u00e1 excusarse de desempe\u00f1ar el cargo, acogi\u00e9ndose a las causales de excusa del art\u00edculo 49 de la ley 18.700 y a aquellas integradas por el Consejo Directivo de Servel, las que en conjunto son:<\/p>\n<ul>\n<li>Tener 60 o m\u00e1s a\u00f1os de edad.<\/li>\n<li>Desempe\u00f1arse como cuidadoras o cuidadores de adultos mayores o personas con necesidades especiales y las que se desempe\u00f1en en los establecimientos de larga estad\u00eda para adultos mayores (ELEAM).<\/li>\n<li>Mujeres embarazadas, durante todo el per\u00edodo de gestaci\u00f3n.<\/li>\n<li>Estar el vocal comprendido entre las causales de inhabilidad contempladas en el art\u00edculo 45 de la Ley N\u00b0 18.700 o haber sido designado miembro del Colegio Escrutador.<\/li>\n<li>Estar ausente del pa\u00eds o radicado en alguna localidad distante m\u00e1s de 300 kil\u00f3metros o con la que no haya comunicaciones expeditas, hecho que calificar\u00e1 la Junta Electoral respectiva.<\/li>\n<li>Tener que desempe\u00f1ar en los mismos d\u00edas y horas de funcionamiento de las Mesas, otras funciones que encomiende la Ley N\u00b0 18.700.<\/li>\n<li>Estar f\u00edsica o mentalmente imposibilitado de ejercer la funci\u00f3n, circunstancia que deber\u00e1 ser acreditada con certificado m\u00e9dico.<\/li>\n<li>Cumplir labores en establecimientos hospitalarios en los mismos d\u00edas en que funcionen las Mesas Receptoras de Sufragios, lo que deber\u00e1 acreditarse mediante certificado del director del respectivo establecimiento de salud.<\/li>\n<\/ul>\n<p>Las excusas podr\u00e1n ser formuladas por escrito ante el secretario de la Junta Electoral respectiva o acreditar ante el delegado del local el d\u00eda de las Primarias o ante el Juez de Polic\u00eda Local si llegasen a ser citados con posterioridad.<\/p>\n<p>Todos los vocales deber\u00e1n asistir a la\u00a0<strong>constituci\u00f3n de mesas el d\u00eda 28 de noviembre a las 15.00 horas.\u00a0<\/strong>en su respectivo local de votaci\u00f3n.<\/p>\n<p><strong>Medidas sanitarias:<\/strong><\/p>\n<ul>\n<li>Los electores y electoras adultos mayores de 60 a\u00f1os, mujeres embarazadas, personas que tengan alg\u00fan tipo de discapacidad, y electores que requieran ser asistidos en el ejercicio de su sufragio tendr\u00e1n trato preferente para votar durante todo el proceso de votaci\u00f3n.<\/li>\n<li>Los electores y electoras que concurran a votar deber\u00e1n asistir sin la compa\u00f1\u00eda de otra persona, salvo el caso de aquellos que requieran ser asistidos al momento de ejercer su sufragio, as\u00ed como personas que deban ir acompa\u00f1ados por un ni\u00f1o, ni\u00f1a o adolescente por causa de fuerza mayor.<\/li>\n<li>El aforo de los locales de votaci\u00f3n se determinar\u00e1 multiplicando por 10 el n\u00famero de mesas.<\/li>\n<li>En cuanto a los equipos period\u00edsticos, y tal como en el Plebiscito del 25 de octubre, estos deber\u00e1n acreditarse ante la Unidad de Comunicaciones del Servicio Electoral para los d\u00edas 28 y 29 de noviembre llenando un formulario con el personal que trabajar\u00e1 aquellos d\u00edas, al menos con 48 horas de anticipaci\u00f3n. Para hacer ingreso a los locales de votaci\u00f3n, los equipos period\u00edsticos deber\u00e1n exhibir la credencial del medio de comunicaci\u00f3n respectivo al delegado o alguno de sus ayudantes.<\/li>\n<li>S\u00f3lo podr\u00e1 asistir un m\u00e1ximo de un apoderado por candidato que participe en las elecciones primarias a las actuaciones de cada mesa receptora de sufragios. Y a partir del cierre de las mesas, se permitir\u00e1 la presencia de no m\u00e1s de 10 personas por cada mesa (sin contar los apoderados y vocales) para el escrutinio de las mismas.<\/li>\n<li>Toda persona que se encuentre dentro de un local de votaci\u00f3n deber\u00e1 mantener en todo momento una distancia f\u00edsica m\u00ednima de 1 metro entre una y otra persona, usar mascarilla en forma permanente, y respetar todas las medidas del Protocolo Sanitario Primarias 2020.<\/li>\n<\/ul>\n","protected":false},"excerpt":{"rendered":"<p>En el sitio\u00a0www.servel.cl\u00a0se podr\u00e1 conocer la mesa y el local de votaci\u00f3n, que pueden haber cambiado respecto del Plebiscito, como tambi\u00e9n conocer si las Juntas&hellip; <\/p>\n","protected":false},"author":2,"featured_media":22062,"comment_status":"open","ping_status":"closed","sticky":false,"template":"","format":"standard","meta":{"footnotes":""},"categories":[38],"tags":[],"class_list":["post-31782","post","type-post","status-publish","format-standard","has-post-thumbnail","hentry","category-portada-regional"],"_links":{"self":[{"href":"https:\/\/www.radioamigavallenar.cl\/index.php?rest_route=\/wp\/v2\/posts\/31782","targetHints":{"allow":["GET"]}}],"collection":[{"href":"https:\/\/www.radioamigavallenar.cl\/index.php?rest_route=\/wp\/v2\/posts"}],"about":[{"href":"https:\/\/www.radioamigavallenar.cl\/index.php?rest_route=\/wp\/v2\/types\/post"}],"author":[{"embeddable":true,"href":"https:\/\/www.radioamigavallenar.cl\/index.php?rest_route=\/wp\/v2\/users\/2"}],"replies":[{"embeddable":true,"href":"https:\/\/www.radioamigavallenar.cl\/index.php?rest_route=%2Fwp%2Fv2%2Fcomments&post=31782"}],"version-history":[{"count":1,"href":"https:\/\/www.radioamigavallenar.cl\/index.php?rest_route=\/wp\/v2\/posts\/31782\/revisions"}],"predecessor-version":[{"id":31783,"href":"https:\/\/www.radioamigavallenar.cl\/index.php?rest_route=\/wp\/v2\/posts\/31782\/revisions\/31783"}],"wp:featuredmedia":[{"embeddable":true,"href":"https:\/\/www.radioamigavallenar.cl\/index.php?rest_route=\/wp\/v2\/media\/22062"}],"wp:attachment":[{"href":"https:\/\/www.radioamigavallenar.cl\/index.php?rest_route=%2Fwp%2Fv2%2Fmedia&parent=31782"}],"wp:term":[{"taxonomy":"category","embeddable":true,"href":"https:\/\/www.radioamigavallenar.cl\/index.php?rest_route=%2Fwp%2Fv2%2Fcategories&post=31782"},{"taxonomy":"post_tag","embeddable":true,"href":"https:\/\/www.radioamigavallenar.cl\/index.php?rest_route=%2Fwp%2Fv2%2Ftags&post=31782"}],"curies":[{"name":"wp","href":"https:\/\/api.w.org\/{rel}","templated":true}]}}