{"id":31770,"date":"2020-11-06T08:00:28","date_gmt":"2020-11-06T11:00:28","guid":{"rendered":"https:\/\/www.radioamigavallenar.cl\/?p=31770"},"modified":"2020-11-06T10:31:45","modified_gmt":"2020-11-06T13:31:45","slug":"alerta-temprana-preventiva-para-cinco-comunas-de-atacama-por-amenaza-de-incendio-forestal","status":"publish","type":"post","link":"https:\/\/www.radioamigavallenar.cl\/?p=31770","title":{"rendered":"Alerta Temprana Preventiva para cinco comunas de Atacama por amenaza de incendio forestal"},"content":{"rendered":"<p style=\"text-align: center;\">Alto del Carmen, Vallenar, Freirina, Tierra Amarilla y Copiap\u00f3<span id=\"more-224435\"><\/span><\/p>\n<p>&nbsp;<\/p>\n<p>De acuerdo\u00a0con la informaci\u00f3n proporcionada por la Secci\u00f3n de An\u00e1lisis y Predicci\u00f3n de Incendios Forestales (SAPIF) de la Corporaci\u00f3n Nacional Forestal (CONAF),\u00a0mediante su Pron\u00f3stico a Mediano Plazo para Incendios Forestales emitido en la presente jornada, se indica que la humedad del combustible fino muerto es inferior al 6% y las temperaturas m\u00e1ximas fluctuar\u00e1n entre los 28 y 30\u00b0C, lo cual favorece las condiciones de propagaci\u00f3n de incendios forestales en los sectores de valle y precordillera de la Regi\u00f3n de Atacama, entre los d\u00edas jueves 05 y jueves 12 de noviembre.<\/p>\n<p>En consideraci\u00f3n a lo anterior, la Direcci\u00f3n Regional de ONEMI Atacama en coordinaci\u00f3n con la Direcci\u00f3n Regional de CONAF,\u00a0actualiza la Alerta Temprana Preventiva\u00a0para las comunas de Alto del Carmen, Vallenar, Freirina, Tierra Amarilla y Copiap\u00f3 por amenaza de incendio forestal, que se mantiene vigente desde el 19 de octubre de 2020.<\/p>\n<p>La actualizaci\u00f3n de esta alerta, se constituye como un estado de reforzamiento de la vigilancia, mediante el monitoreo preciso y riguroso de las condiciones de riesgo y las respectivas vulnerabilidades asociadas a la amenaza, coordinando y activando al Sistema de Protecci\u00f3n Civil con el fin de actuar oportunamente frente a eventuales situaciones de emergencia.<\/p>\n","protected":false},"excerpt":{"rendered":"<p>Alto del Carmen, Vallenar, Freirina, Tierra Amarilla y Copiap\u00f3 &nbsp; De acuerdo\u00a0con la informaci\u00f3n proporcionada por la Secci\u00f3n de An\u00e1lisis y Predicci\u00f3n de Incendios Forestales&hellip; <\/p>\n","protected":false},"author":2,"featured_media":31771,"comment_status":"open","ping_status":"closed","sticky":false,"template":"","format":"standard","meta":{"footnotes":""},"categories":[38],"tags":[],"class_list":["post-31770","post","type-post","status-publish","format-standard","has-post-thumbnail","hentry","category-portada-regional"],"_links":{"self":[{"href":"https:\/\/www.radioamigavallenar.cl\/index.php?rest_route=\/wp\/v2\/posts\/31770","targetHints":{"allow":["GET"]}}],"collection":[{"href":"https:\/\/www.radioamigavallenar.cl\/index.php?rest_route=\/wp\/v2\/posts"}],"about":[{"href":"https:\/\/www.radioamigavallenar.cl\/index.php?rest_route=\/wp\/v2\/types\/post"}],"author":[{"embeddable":true,"href":"https:\/\/www.radioamigavallenar.cl\/index.php?rest_route=\/wp\/v2\/users\/2"}],"replies":[{"embeddable":true,"href":"https:\/\/www.radioamigavallenar.cl\/index.php?rest_route=%2Fwp%2Fv2%2Fcomments&post=31770"}],"version-history":[{"count":1,"href":"https:\/\/www.radioamigavallenar.cl\/index.php?rest_route=\/wp\/v2\/posts\/31770\/revisions"}],"predecessor-version":[{"id":31772,"href":"https:\/\/www.radioamigavallenar.cl\/index.php?rest_route=\/wp\/v2\/posts\/31770\/revisions\/31772"}],"wp:featuredmedia":[{"embeddable":true,"href":"https:\/\/www.radioamigavallenar.cl\/index.php?rest_route=\/wp\/v2\/media\/31771"}],"wp:attachment":[{"href":"https:\/\/www.radioamigavallenar.cl\/index.php?rest_route=%2Fwp%2Fv2%2Fmedia&parent=31770"}],"wp:term":[{"taxonomy":"category","embeddable":true,"href":"https:\/\/www.radioamigavallenar.cl\/index.php?rest_route=%2Fwp%2Fv2%2Fcategories&post=31770"},{"taxonomy":"post_tag","embeddable":true,"href":"https:\/\/www.radioamigavallenar.cl\/index.php?rest_route=%2Fwp%2Fv2%2Ftags&post=31770"}],"curies":[{"name":"wp","href":"https:\/\/api.w.org\/{rel}","templated":true}]}}