{"id":31764,"date":"2020-11-06T10:25:17","date_gmt":"2020-11-06T13:25:17","guid":{"rendered":"https:\/\/www.radioamigavallenar.cl\/?p=31764"},"modified":"2020-11-06T10:25:17","modified_gmt":"2020-11-06T13:25:17","slug":"alcalde-cristian-tapia-llamo-a-ser-responsables-ante-el-inicio-de-la-fase-3","status":"publish","type":"post","link":"https:\/\/www.radioamigavallenar.cl\/?p=31764","title":{"rendered":"Alcalde Cristian Tapia llam\u00f3 a ser responsables ante el inicio de la fase 3"},"content":{"rendered":"<p>Al iniciarse el ingreso a la fase 3 del programa \u201cPaso a Paso\u201d, el alcalde de Vallenar, Cristian Tapia Ramos, junto con felicitar a la comunidad. \u201cporque entendi\u00f3 lo que hab\u00eda y no que hacer para pasar a esta fase\u201d, la inst\u00f3 a seguir cuid\u00e1ndose, se\u00f1alando que \u201cesto no es todo, tenemos que buscar la posibilidad de pasar r\u00e1pidamente a la fase 4 que brinda otros tipos de salidas y mejora la calidad de vida\u201d.<\/p>\n<p>&nbsp;<\/p>\n<p>En la ocasi\u00f3n, el edil vallenarino precis\u00f3 que ingresar a la fase 3, significa que no habr\u00e1 restricci\u00f3n de salidas durante los fines de semana y que los restaurantes podr\u00e1n atender, por ahora, al aire libre y con el distanciamiento f\u00edsico que corresponde, en cuyo marco se adecuar\u00e1 la calle Talca, entre Prat y Serrano, para que lo locatarios de pubs y restaurantes del sector puedan sacar sus mesas a la vereda y, al mismo tiempo, pudiendo atender al interior de sus locales, manteniendo un aforo m\u00e1ximo del 25 por ciento de la capacidad habitual del local.<\/p>\n<p>&nbsp;<\/p>\n<p>Finalmente, Cristian Tapia reiter\u00f3 el llamado a no volver a la conducta que se ten\u00eda hace un par de meses cuando eran recurrentes las fiestas y carretes masivos, lo que trajo como consecuencia las restricciones sanitarias que debi\u00f3 afrontar toda la comunidad por culpa de algunos pocos.<\/p>\n","protected":false},"excerpt":{"rendered":"<p>Al iniciarse el ingreso a la fase 3 del programa \u201cPaso a Paso\u201d, el alcalde de Vallenar, Cristian Tapia Ramos, junto con felicitar a la&hellip; <\/p>\n","protected":false},"author":2,"featured_media":31765,"comment_status":"open","ping_status":"closed","sticky":false,"template":"","format":"standard","meta":{"footnotes":""},"categories":[38],"tags":[],"class_list":["post-31764","post","type-post","status-publish","format-standard","has-post-thumbnail","hentry","category-portada-regional"],"_links":{"self":[{"href":"https:\/\/www.radioamigavallenar.cl\/index.php?rest_route=\/wp\/v2\/posts\/31764","targetHints":{"allow":["GET"]}}],"collection":[{"href":"https:\/\/www.radioamigavallenar.cl\/index.php?rest_route=\/wp\/v2\/posts"}],"about":[{"href":"https:\/\/www.radioamigavallenar.cl\/index.php?rest_route=\/wp\/v2\/types\/post"}],"author":[{"embeddable":true,"href":"https:\/\/www.radioamigavallenar.cl\/index.php?rest_route=\/wp\/v2\/users\/2"}],"replies":[{"embeddable":true,"href":"https:\/\/www.radioamigavallenar.cl\/index.php?rest_route=%2Fwp%2Fv2%2Fcomments&post=31764"}],"version-history":[{"count":1,"href":"https:\/\/www.radioamigavallenar.cl\/index.php?rest_route=\/wp\/v2\/posts\/31764\/revisions"}],"predecessor-version":[{"id":31766,"href":"https:\/\/www.radioamigavallenar.cl\/index.php?rest_route=\/wp\/v2\/posts\/31764\/revisions\/31766"}],"wp:featuredmedia":[{"embeddable":true,"href":"https:\/\/www.radioamigavallenar.cl\/index.php?rest_route=\/wp\/v2\/media\/31765"}],"wp:attachment":[{"href":"https:\/\/www.radioamigavallenar.cl\/index.php?rest_route=%2Fwp%2Fv2%2Fmedia&parent=31764"}],"wp:term":[{"taxonomy":"category","embeddable":true,"href":"https:\/\/www.radioamigavallenar.cl\/index.php?rest_route=%2Fwp%2Fv2%2Fcategories&post=31764"},{"taxonomy":"post_tag","embeddable":true,"href":"https:\/\/www.radioamigavallenar.cl\/index.php?rest_route=%2Fwp%2Fv2%2Ftags&post=31764"}],"curies":[{"name":"wp","href":"https:\/\/api.w.org\/{rel}","templated":true}]}}