{"id":31759,"date":"2020-11-06T06:00:25","date_gmt":"2020-11-06T09:00:25","guid":{"rendered":"https:\/\/www.radioamigavallenar.cl\/?p=31759"},"modified":"2020-11-05T21:21:10","modified_gmt":"2020-11-06T00:21:10","slug":"gobernadora-del-huasco-se-refiere-a-reapertura-de-centros-gastronomicos","status":"publish","type":"post","link":"https:\/\/www.radioamigavallenar.cl\/?p=31759","title":{"rendered":"Gobernadora del Huasco se refiere a reapertura de centros gastron\u00f3micos"},"content":{"rendered":"<p><strong>La Autoridad destaca avance de Vallenar a Fase 3.<\/strong><\/p>\n<p>Un llamado a la comunidad a seguir fortaleciendo las medidas de protecci\u00f3n y respeto por las indicaciones sanitarias, un llamado a no relajarse y mantener el comportamiento que ha permitido pasar a fase 3 en medio de la pandemia que nos afecta, se\u00f1al\u00f3 esta semana, la Gobernadora de la Provincia del Huasco, Nelly Galeb Bou. Junto con el anuncio que las comunas de Copiap\u00f3, Vallenar y Tierra Amarilla avanzan a fase de preparaci\u00f3n, la Gobernadora reiter\u00f3 en el llamado a la poblaci\u00f3n.<\/p>\n<p>\u201cEsto significa que nos vamos a encontrar, con mayor espacio y tiempo para el desplazamiento para la realizaci\u00f3n de\u00a0 actividades deportivas al aire libre o en espacios cerrados con las limitaciones que ha entregado la autoridad sanitaria: cinco personas en espacios cerrados, y 25 personas en espacios abiertos. Adem\u00e1s, van a poder funcionar los restaurantes, los caf\u00e9s y centros an\u00e1logos en los que tambi\u00e9n se van a aplicar las limitaciones de aforo en cuanto a la necesidad de que se aborde esa atenci\u00f3n solo en espacios abiertos y con una distancia m\u00ednima de 2 metros a un 25% de su capacidad, en fin\u00a0 es un avance que viene a brindar un poco de ox\u00edgeno a la reactivaci\u00f3n econ\u00f3mica, tan necesaria y en la que el Gobierno ha puesto especial \u00e9nfasis en estos d\u00edas\u201d, indic\u00f3.<\/p>\n<p>\u201cEs un trabajo que hemos venido desarrollando paulatinamente con el seremi de Econom\u00eda, con el Seremi de Transportes, el Director Regional de Sernatur, con los Alcaldes y con los propios emprendedores, lo que nos va a permitir avanzar paso a paso con la reapertura de los restaurantes , caf\u00e9s y lugares an\u00e1logos en espacios abiertos\u00a0 o en aquel paso interior\u00a0 que tiene techo pero que m\u00e1s del 50% de su per\u00edmetro\u00a0 est\u00e1 sin muros\u201d, la Autoridad destac\u00f3 adem\u00e1s que desde el Gobierno se est\u00e1 trabajando en una actualizaci\u00f3n de la normativa\u00a0 que permita\u00a0 en su momento comenzar atender p\u00fablico al interior del recinto con aforo limitado y con distanciamiento como corresponde, pero hay que ir paso a paso, indic\u00f3.<\/p>\n<p>La Gobernadora fue clara en se\u00f1alar adem\u00e1s, la importancia de tener en consideraci\u00f3n que si bien esto constituye un gran alivio para el momento que hoy se vive en el pa\u00eds y en el mundo entero, no hay que olvidar que esta Pandemia no\u00a0 ha terminado, \u201cEs ahora cuando debemos fortalecer el autocuidado y la responsabilidad de todos, el Gobierno del Presidente Pi\u00f1era ha impulsado el plan Paso a Paso y para ello se est\u00e1 \u00a0haciendo un gran esfuerzo para consolidar las acciones y las medidas que se est\u00e1n adoptando, de tal manera de recuperar la libertad de desplazamiento y la reactivaci\u00f3n de las actividades econ\u00f3micas, el compromiso y la responsabilidad de todos nos permitir\u00e1 seguir avanzando\u201d, concluy\u00f3 la autoridad.<\/p>\n","protected":false},"excerpt":{"rendered":"<p>La Autoridad destaca avance de Vallenar a Fase 3. Un llamado a la comunidad a seguir fortaleciendo las medidas de protecci\u00f3n y respeto por las&hellip; <\/p>\n","protected":false},"author":2,"featured_media":31103,"comment_status":"open","ping_status":"closed","sticky":false,"template":"","format":"standard","meta":{"footnotes":""},"categories":[7,1,2],"tags":[],"class_list":["post-31759","post","type-post","status-publish","format-standard","has-post-thumbnail","hentry","category-atacama","category-provincia-del-huasco-2","category-vallenar"],"_links":{"self":[{"href":"https:\/\/www.radioamigavallenar.cl\/index.php?rest_route=\/wp\/v2\/posts\/31759","targetHints":{"allow":["GET"]}}],"collection":[{"href":"https:\/\/www.radioamigavallenar.cl\/index.php?rest_route=\/wp\/v2\/posts"}],"about":[{"href":"https:\/\/www.radioamigavallenar.cl\/index.php?rest_route=\/wp\/v2\/types\/post"}],"author":[{"embeddable":true,"href":"https:\/\/www.radioamigavallenar.cl\/index.php?rest_route=\/wp\/v2\/users\/2"}],"replies":[{"embeddable":true,"href":"https:\/\/www.radioamigavallenar.cl\/index.php?rest_route=%2Fwp%2Fv2%2Fcomments&post=31759"}],"version-history":[{"count":1,"href":"https:\/\/www.radioamigavallenar.cl\/index.php?rest_route=\/wp\/v2\/posts\/31759\/revisions"}],"predecessor-version":[{"id":31760,"href":"https:\/\/www.radioamigavallenar.cl\/index.php?rest_route=\/wp\/v2\/posts\/31759\/revisions\/31760"}],"wp:featuredmedia":[{"embeddable":true,"href":"https:\/\/www.radioamigavallenar.cl\/index.php?rest_route=\/wp\/v2\/media\/31103"}],"wp:attachment":[{"href":"https:\/\/www.radioamigavallenar.cl\/index.php?rest_route=%2Fwp%2Fv2%2Fmedia&parent=31759"}],"wp:term":[{"taxonomy":"category","embeddable":true,"href":"https:\/\/www.radioamigavallenar.cl\/index.php?rest_route=%2Fwp%2Fv2%2Fcategories&post=31759"},{"taxonomy":"post_tag","embeddable":true,"href":"https:\/\/www.radioamigavallenar.cl\/index.php?rest_route=%2Fwp%2Fv2%2Ftags&post=31759"}],"curies":[{"name":"wp","href":"https:\/\/api.w.org\/{rel}","templated":true}]}}