{"id":31756,"date":"2020-11-06T06:00:03","date_gmt":"2020-11-06T09:00:03","guid":{"rendered":"https:\/\/www.radioamigavallenar.cl\/?p=31756"},"modified":"2020-11-05T21:19:03","modified_gmt":"2020-11-06T00:19:03","slug":"presentan-proyecto-de-ley-jose-matias-para-prevenir-acoso-en-escuelas-y-en-recuerdo-de-joven-trans-que-se-suicido-en-copiapo","status":"publish","type":"post","link":"https:\/\/www.radioamigavallenar.cl\/?p=31756","title":{"rendered":"Presentan proyecto de Ley \u201cJos\u00e9 Mat\u00edas\u201d para prevenir acoso en escuelas y en recuerdo de joven trans que se suicid\u00f3 en Copiap\u00f3"},"content":{"rendered":"<p>Hasta el Congreso Nacional se traslad\u00f3 junto a organizaciones de la diversidad sexual, Marcela Guevara De la Fuente, madre de Jos\u00e9 Mat\u00edas, joven estudiante trans que se suicid\u00f3 en mayo de 2019 tras una serie de episodios de acoso al interior del Liceo Sagrado Coraz\u00f3n de Copiap\u00f3, para acompa\u00f1ar el ingreso formal\u00a0 del denominado proyecto de \u201cLey Jos\u00e9 Mat\u00edas\u201d, junto a la diputada (PS) Daniella Cicardini, como parlamentaria patrocinadora.<\/p>\n<p>La iniciativa, respaldada por un grupo transversal de diputados y diputadas, propone modificaciones a la ley general de educaci\u00f3n para incorporar la obligaci\u00f3n de aplicar e informar a padres, estudiantes y la comunidad educativa, en relaci\u00f3n a derechos y disposiciones ya existentes en torno al respeto e inclusi\u00f3n de estudiantes de la diversidad sexual; como por ejemplo la circular 768 de la Superintendencia de Educaci\u00f3n.<\/p>\n<p>Asimismo, aborda aspectos como el deber de denunciar a los tribunales de familia cuando una comunidad educativa tome conocimiento de situaciones de acoso escolar y no solo aplicar el reglamento interno; establecer sanciones a sostenedores y autoridades de los establecimientos, y quienes se desempe\u00f1en al interior de los mismos, cuando sean responsables de maltrato, abusos o discriminaci\u00f3n de diversa naturaleza, particularmente respecto a la identidad de g\u00e9nero de los estudiantes.<\/p>\n<p>Sosteniendo en todo momento un retrato de su hijo, y rodeada de carteles con el lema, \u201cRespeto, Tolerancia y Empat\u00eda, vamos por la Ley Jos\u00e9 Mat\u00edas\u201d; Marcela Guevara, junto con agradecer el apoyo de los parlamentarios, afirm\u00f3 que \u201ccomo madre de Jos\u00e9 Mat\u00edas es un hito importante en este camino de resignificar la muerte de mi hijo el poder lograr presentar el proyecto de ley, el cual tiene que ver totalmente con poder mejorar las condiciones en las que los estudiantes y ni\u00f1os trans se desenvuelven en el \u00e1mbito escolar\u201d.<\/p>\n<p>\u201cEl hecho de poder aportar, el hecho de poder construir, el poder poner el tema en discusi\u00f3n, en legislaci\u00f3n significa mejorar, avanzar, y que mi hijo sea recordado como un ni\u00f1o que, despu\u00e9s de lo que sufri\u00f3, se pudo abrir camino a algo mejor para que otros ni\u00f1os no sufran\u201d<\/p>\n<p>En tanto la diputada Daniella CIcardini se\u00f1al\u00f3 que \u201choy estamos presentando el proyecto de Ley Jos\u00e9 Mat\u00edas junto a su madre Marcela, con el apoyo de varias organizaciones y de un grupo transversal de diputados y diputadas; porque queremos decir basta de bullyng y de discriminaci\u00f3n en nuestros colegios;\u00a0 basta de acoso, dolor y de muertes como la de Jos\u00e9 Mat\u00edas en Copiap\u00f3; y basta de sufrimientos como el que ha tenido que cargar su madre Marcela, principal y valiente impulsora de esta Ley\u201d, destac\u00f3.<\/p>\n<p>\u201cCon esto estamos diciendo que el respeto a la diversidad debe nacer desde la educaci\u00f3n y en las escuelas, que es en donde se forman los estudiantes,\u00a0 y que los establecimientos deben hacerse responsables\u00a0 de promover, de informar adecuadamente y respetar ellos mismos los derechos de\u00a0 la infancia y adolescentes trans\u201d, a\u00f1adi\u00f3.<\/p>\n<p>Uno de los aspectos que enfatiza la iniciativa es establecer la obligaci\u00f3n de respetar y socializar disposiciones ya existentes en materia de inclusi\u00f3n, derechos y no discriminaci\u00f3n de estudiantes trans al interior de los establecimientos educacionales, como la circular 768 de la Superintendencia de Educaci\u00f3n, de abril de 2017, que seg\u00fan explica su madre no fue debidamente informada en el caso de Jos\u00e9 Mat\u00edas, as\u00ed como en otros en los que las comunidades educativas han hecho prevalecer reglamentos internos que contravienen dicho instructivo.<\/p>\n<p>Asimismo, la \u201cLey Jos\u00e9 Mat\u00edas\u201d, incorpora nuevos requisitos para los profesionales a cargo de la convivencia escolar; en materia de capacitaci\u00f3n, experiencia y criterio al interior de las escuelas para enfrentar esta realidad.<\/p>\n<p>Entre el grupo de parlamentarios que tambi\u00e9n respaldan la iniciativa se encuentran las diputadas Natalia Castillo (RD), Maya Fern\u00e1ndez (PS), Camila Vallejo (PC), Pamela Jiles (PH), EriKa Olivera (IND), Marisela Santib\u00e1\u00f1ez (PC), y los diputados Juan Santana (PS) y Gonzalo Fuenzalida (RN).<\/p>\n","protected":false},"excerpt":{"rendered":"<p>Hasta el Congreso Nacional se traslad\u00f3 junto a organizaciones de la diversidad sexual, Marcela Guevara De la Fuente, madre de Jos\u00e9 Mat\u00edas, joven estudiante trans&hellip; <\/p>\n","protected":false},"author":2,"featured_media":31757,"comment_status":"open","ping_status":"closed","sticky":false,"template":"","format":"standard","meta":{"footnotes":""},"categories":[7],"tags":[],"class_list":["post-31756","post","type-post","status-publish","format-standard","has-post-thumbnail","hentry","category-atacama"],"_links":{"self":[{"href":"https:\/\/www.radioamigavallenar.cl\/index.php?rest_route=\/wp\/v2\/posts\/31756","targetHints":{"allow":["GET"]}}],"collection":[{"href":"https:\/\/www.radioamigavallenar.cl\/index.php?rest_route=\/wp\/v2\/posts"}],"about":[{"href":"https:\/\/www.radioamigavallenar.cl\/index.php?rest_route=\/wp\/v2\/types\/post"}],"author":[{"embeddable":true,"href":"https:\/\/www.radioamigavallenar.cl\/index.php?rest_route=\/wp\/v2\/users\/2"}],"replies":[{"embeddable":true,"href":"https:\/\/www.radioamigavallenar.cl\/index.php?rest_route=%2Fwp%2Fv2%2Fcomments&post=31756"}],"version-history":[{"count":1,"href":"https:\/\/www.radioamigavallenar.cl\/index.php?rest_route=\/wp\/v2\/posts\/31756\/revisions"}],"predecessor-version":[{"id":31758,"href":"https:\/\/www.radioamigavallenar.cl\/index.php?rest_route=\/wp\/v2\/posts\/31756\/revisions\/31758"}],"wp:featuredmedia":[{"embeddable":true,"href":"https:\/\/www.radioamigavallenar.cl\/index.php?rest_route=\/wp\/v2\/media\/31757"}],"wp:attachment":[{"href":"https:\/\/www.radioamigavallenar.cl\/index.php?rest_route=%2Fwp%2Fv2%2Fmedia&parent=31756"}],"wp:term":[{"taxonomy":"category","embeddable":true,"href":"https:\/\/www.radioamigavallenar.cl\/index.php?rest_route=%2Fwp%2Fv2%2Fcategories&post=31756"},{"taxonomy":"post_tag","embeddable":true,"href":"https:\/\/www.radioamigavallenar.cl\/index.php?rest_route=%2Fwp%2Fv2%2Ftags&post=31756"}],"curies":[{"name":"wp","href":"https:\/\/api.w.org\/{rel}","templated":true}]}}