{"id":31751,"date":"2020-11-06T06:00:11","date_gmt":"2020-11-06T09:00:11","guid":{"rendered":"https:\/\/www.radioamigavallenar.cl\/?p=31751"},"modified":"2020-11-05T21:15:23","modified_gmt":"2020-11-06T00:15:23","slug":"seremi-de-salud-no-debemos-relajarnos-con-las-medidas-de-prevencion-debemos-incorporarlas-en-nuestro-diario-vivir","status":"publish","type":"post","link":"https:\/\/www.radioamigavallenar.cl\/?p=31751","title":{"rendered":"Seremi de Salud: \u201cNo debemos relajarnos con las medidas de prevenci\u00f3n, debemos incorporarlas en nuestro diario vivir\u201d"},"content":{"rendered":"<p>Ayer avanz\u00f3 las comunas de Tierra Amarilla, Vallenar y Copiap\u00f3 al paso 3, con ello toda la regi\u00f3n se encuentra en la etapa de preparaci\u00f3n. Donde se libera la cuarentena los fin de semanas, se puede abrir el comercio de comida, como restaurantes, pubs y caf\u00e9s, adem\u00e1s se permiten los viajes interregionales, entre otros.<\/p>\n<p>Todas estas libertades que entrega el Plan Paso a Paso deben ser tomadas con precauci\u00f3n y prevenci\u00f3n, para as\u00ed poder seguir avanzando y no retroceder. Recordando que cada comuna puede modificar su etapa, dependiendo del comportamiento de la situaci\u00f3n epidemiol\u00f3gica.<\/p>\n<p>El Seremi de Salud, Bastian Hermosilla Noriega, se\u00f1al\u00f3 \u201cDebemos continuar con las medidas de prevenci\u00f3n, las que nos ayudan a prevenir y evitar la propagaci\u00f3n del virus, por ello, es que instamos a la comunidad a respetar estas medidas y no relajarse, al ver la disminuci\u00f3n de casos\u201d<\/p>\n<p>Hermosilla, a\u00f1adi\u00f3 \u201cHemos visto una disminuci\u00f3n de casos, en nuestra regi\u00f3n, lo que ha provocado que comunas avancen en el Paso a Paso, pero eso no quiere decir que haya desaparecido el virus, a\u00fan sigue entre nosotros, por ello siempre se deben mantener las medidas de prevenci\u00f3n\u201d<\/p>\n<p>Cabe se\u00f1alar, que antes de salir de tu casa, siempre lleves tu mascarilla, tu alcohol gel, sino tendr\u00e1s donde lavarte las manos frecuentemente y siempre mant\u00e9n la distancia f\u00edsica con la otra persona. Y al momento de llegar, procura, sacarte los zapatos, lavarte las manos y cambiarte de ropa- Con estas recomendaciones, evitamos llevar el virus a nuestra casa.<\/p>\n","protected":false},"excerpt":{"rendered":"<p>Ayer avanz\u00f3 las comunas de Tierra Amarilla, Vallenar y Copiap\u00f3 al paso 3, con ello toda la regi\u00f3n se encuentra en la etapa de preparaci\u00f3n.&hellip; <\/p>\n","protected":false},"author":2,"featured_media":29883,"comment_status":"open","ping_status":"closed","sticky":false,"template":"","format":"standard","meta":{"footnotes":""},"categories":[7],"tags":[],"class_list":["post-31751","post","type-post","status-publish","format-standard","has-post-thumbnail","hentry","category-atacama"],"_links":{"self":[{"href":"https:\/\/www.radioamigavallenar.cl\/index.php?rest_route=\/wp\/v2\/posts\/31751","targetHints":{"allow":["GET"]}}],"collection":[{"href":"https:\/\/www.radioamigavallenar.cl\/index.php?rest_route=\/wp\/v2\/posts"}],"about":[{"href":"https:\/\/www.radioamigavallenar.cl\/index.php?rest_route=\/wp\/v2\/types\/post"}],"author":[{"embeddable":true,"href":"https:\/\/www.radioamigavallenar.cl\/index.php?rest_route=\/wp\/v2\/users\/2"}],"replies":[{"embeddable":true,"href":"https:\/\/www.radioamigavallenar.cl\/index.php?rest_route=%2Fwp%2Fv2%2Fcomments&post=31751"}],"version-history":[{"count":1,"href":"https:\/\/www.radioamigavallenar.cl\/index.php?rest_route=\/wp\/v2\/posts\/31751\/revisions"}],"predecessor-version":[{"id":31752,"href":"https:\/\/www.radioamigavallenar.cl\/index.php?rest_route=\/wp\/v2\/posts\/31751\/revisions\/31752"}],"wp:featuredmedia":[{"embeddable":true,"href":"https:\/\/www.radioamigavallenar.cl\/index.php?rest_route=\/wp\/v2\/media\/29883"}],"wp:attachment":[{"href":"https:\/\/www.radioamigavallenar.cl\/index.php?rest_route=%2Fwp%2Fv2%2Fmedia&parent=31751"}],"wp:term":[{"taxonomy":"category","embeddable":true,"href":"https:\/\/www.radioamigavallenar.cl\/index.php?rest_route=%2Fwp%2Fv2%2Fcategories&post=31751"},{"taxonomy":"post_tag","embeddable":true,"href":"https:\/\/www.radioamigavallenar.cl\/index.php?rest_route=%2Fwp%2Fv2%2Ftags&post=31751"}],"curies":[{"name":"wp","href":"https:\/\/api.w.org\/{rel}","templated":true}]}}