{"id":31749,"date":"2020-11-06T06:00:49","date_gmt":"2020-11-06T09:00:49","guid":{"rendered":"https:\/\/www.radioamigavallenar.cl\/?p=31749"},"modified":"2020-11-05T21:14:08","modified_gmt":"2020-11-06T00:14:08","slug":"diputada-cid-no-podemos-dejar-de-lado-la-ley-de-presupuesto-para-la-region","status":"publish","type":"post","link":"https:\/\/www.radioamigavallenar.cl\/?p=31749","title":{"rendered":"Diputada Cid: \u201cNo podemos dejar de lado la ley de presupuesto para la regi\u00f3n\u201d"},"content":{"rendered":"<p>La diputada de Renovaci\u00f3n Nacional, Sof\u00eda Cid, integrante de la Comisi\u00f3n Mixta de Presupuesto, manifest\u00f3 su preocupaci\u00f3n por el rechazo de la oposici\u00f3n a la partida del Tesoro P\u00fablico, lo que deriv\u00f3 en la suspensi\u00f3n de las sesiones de la instancia hasta el pr\u00f3ximo viernes, ya que el Ejecutivo ve\u00eda inviable la tramitaci\u00f3n de las partidas por cuanto estaban rechazadas las fuentes de financiamiento.<\/p>\n<p>El rechazo a la partida del Tesoro P\u00fablico ocurri\u00f3 el pasado lunes 02 de noviembre, lo que pone en duda los recursos comprometidos en distintas \u00e1reas, especialmente en el \u00e1mbito de la salud,\u00a0 lo que compete directamente a la protecci\u00f3n sanitaria de todos los chilenos, en lo que se refiere a la vacuna contra el coronavirus.<\/p>\n<p>Para la parlamentaria esta es una situaci\u00f3n in\u00e9dita que \u2013 en la pr\u00e1ctica- significa dejar sin recursos distintos programas, subsidios y fondos de emergencia, entre los que destacan el Subsidio Solidario al Fondo de Cesant\u00eda; el Subsidio Postnatal; el aporte al Fondo Com\u00fan Municipal y el Fondo de Emergencia Transitorio en Salud. A esto se suman los 115 mil millones para resoluci\u00f3n de listas de espera y los 153 mil millones para la compra de una probable vacuna para Covid-19, entre otros.<\/p>\n<p>Por su parte, la diputada Sof\u00eda Cid espera \u201crevertir esta lamentable situaci\u00f3n y que podamos llegar a acuerdo por la salud, seguridad y bienestar de todos los chilenos, que est\u00e1n demandando acciones urgentes en medio de esta crisis econ\u00f3mica derivada de la pandemia y de la violencia derivada del estallido social de 2019\u201d.<\/p>\n<p>\u201cEn esta Ley de Presupuesto se incluyen una serie de recursos que buscan reactivar la econom\u00eda del pa\u00eds, crear nuevas fuentes de trabajo y potenciar a las regiones. La votaci\u00f3n de la oposici\u00f3n que se ha traducido en la suspensi\u00f3n\u00a0 de la discusi\u00f3n es una mala se\u00f1al. No podemos dejar esperando a los miles de chilenos afectados por una baja en sus ingresos familiares o p\u00e9rdida de sus empleos. Yo espero que en estos d\u00edas la oposici\u00f3n llegue a un acuerdo con el Ejecutivo, pues este presupuesto es muy importante para seguir apoyando a las personas que m\u00e1s lo necesitan y reactivar la econom\u00eda\u201d, record\u00f3 la legisladora RN.<\/p>\n<p>Finalmente, la diputada Sof\u00eda Cid manifest\u00f3, \u201cLe solicito a la oposici\u00f3n dejar las peque\u00f1eces pol\u00edticas y pensar primeramente en lo que le beneficia a nuestro pa\u00eds y enf\u00e1ticamente a las regiones que representamos. Porque la Ley de Presupuesto, busca entregar mayores recursos a las regiones poniendo \u00e9nfasis en ayudas sociales y como consecuencia apoya lo que todos los chilenos requieren, que es la reactivaci\u00f3n econ\u00f3mica\u201d, concluy\u00f3.<\/p>\n","protected":false},"excerpt":{"rendered":"<p>La diputada de Renovaci\u00f3n Nacional, Sof\u00eda Cid, integrante de la Comisi\u00f3n Mixta de Presupuesto, manifest\u00f3 su preocupaci\u00f3n por el rechazo de la oposici\u00f3n a la&hellip; <\/p>\n","protected":false},"author":2,"featured_media":28814,"comment_status":"open","ping_status":"closed","sticky":false,"template":"","format":"standard","meta":{"footnotes":""},"categories":[7,38],"tags":[],"class_list":["post-31749","post","type-post","status-publish","format-standard","has-post-thumbnail","hentry","category-atacama","category-portada-regional"],"_links":{"self":[{"href":"https:\/\/www.radioamigavallenar.cl\/index.php?rest_route=\/wp\/v2\/posts\/31749","targetHints":{"allow":["GET"]}}],"collection":[{"href":"https:\/\/www.radioamigavallenar.cl\/index.php?rest_route=\/wp\/v2\/posts"}],"about":[{"href":"https:\/\/www.radioamigavallenar.cl\/index.php?rest_route=\/wp\/v2\/types\/post"}],"author":[{"embeddable":true,"href":"https:\/\/www.radioamigavallenar.cl\/index.php?rest_route=\/wp\/v2\/users\/2"}],"replies":[{"embeddable":true,"href":"https:\/\/www.radioamigavallenar.cl\/index.php?rest_route=%2Fwp%2Fv2%2Fcomments&post=31749"}],"version-history":[{"count":1,"href":"https:\/\/www.radioamigavallenar.cl\/index.php?rest_route=\/wp\/v2\/posts\/31749\/revisions"}],"predecessor-version":[{"id":31750,"href":"https:\/\/www.radioamigavallenar.cl\/index.php?rest_route=\/wp\/v2\/posts\/31749\/revisions\/31750"}],"wp:featuredmedia":[{"embeddable":true,"href":"https:\/\/www.radioamigavallenar.cl\/index.php?rest_route=\/wp\/v2\/media\/28814"}],"wp:attachment":[{"href":"https:\/\/www.radioamigavallenar.cl\/index.php?rest_route=%2Fwp%2Fv2%2Fmedia&parent=31749"}],"wp:term":[{"taxonomy":"category","embeddable":true,"href":"https:\/\/www.radioamigavallenar.cl\/index.php?rest_route=%2Fwp%2Fv2%2Fcategories&post=31749"},{"taxonomy":"post_tag","embeddable":true,"href":"https:\/\/www.radioamigavallenar.cl\/index.php?rest_route=%2Fwp%2Fv2%2Ftags&post=31749"}],"curies":[{"name":"wp","href":"https:\/\/api.w.org\/{rel}","templated":true}]}}