{"id":31746,"date":"2020-11-06T06:00:54","date_gmt":"2020-11-06T09:00:54","guid":{"rendered":"https:\/\/www.radioamigavallenar.cl\/?p=31746"},"modified":"2020-11-06T12:21:09","modified_gmt":"2020-11-06T15:21:09","slug":"enami-presenta-en-foro-internacional-su-modelo-de-fomento-con-impacto-para-la-sustentabilidad-de-la-mineria-de-menor-escala","status":"publish","type":"post","link":"https:\/\/www.radioamigavallenar.cl\/?p=31746","title":{"rendered":"Enami presenta en foro internacional su modelo de fomento con impacto para la sustentabilidad de la miner\u00eda de menor escala"},"content":{"rendered":"<p>Con el prop\u00f3sito de dar a conocer los desaf\u00edos de la Empresa Nacional de Miner\u00eda en su tarea de brindar mayor sustentabilidad a la miner\u00eda de menor escala, su vicepresidente ejecutivo, Robert Mayne-Nicholls se present\u00f3 en el Forward Summit 2020 de Symnetics Chile, congreso anual que organiza la consultora internacional dedicada a la transformaci\u00f3n empresarial, con la idea de invitar a las organizaciones a reflexionar sobre c\u00f3mo es posible avanzar hacia agendas positivas en \u00e1reas como movilidad, bienestar, inclusi\u00f3n social, operaciones inteligentes y econom\u00eda circular.<\/p>\n<p>\u00abEn la medida que seamos m\u00e1s eficientes en nuestros procesos, mayor ser\u00e1 el fomento que podamos ejercer para contribuir con el desarrollo de la miner\u00eda de menor escala. Ese es el camino en el que estamos trabajando\u00bb, afirm\u00f3 el ejecutivo al momento de repasar hitos y objetivos para trabajar en acciones efectivas por la reactivaci\u00f3n de la actividad minera. Al respecto, profundiz\u00f3 que la transformaci\u00f3n positiva de los escenarios requiere analizar el entorno del negocio para estar preparados y entender todas las posibles variables que podr\u00edan activarse tanto en tiempos de crisis como de estabilidad. \u201cEl prop\u00f3sito de ENAMI est\u00e1 en entregar un fomento efectivo para seguir contribuyendo con la peque\u00f1a y mediana miner\u00eda, esto sin descuidar nuestra viabilidad econ\u00f3mica y la sustentabilidad de nuestras operaciones\u00bb coment\u00f3.<\/p>\n<p>Al igual que en el panel inaugural de Forward Summit 2020, \u201cDi\u00e1logo con CEOs \u2013 generando crecimiento inclusivo sustentable\u201d, desarrollado de modo on line la jornada anterior, Mayne-Nicholls abord\u00f3 los aprendizajes que ha ido dejando la pandemia.<\/p>\n<p>\u201cSon los tiempos dif\u00edciles los que m\u00e1s nos ense\u00f1an. Un aprendizaje importante es que las crisis no son la causa b\u00e1sica de fallar, en general son la causa inmediata de ello, pues lo que hayamos hecho o dejado de hacer es lo que va a determinar c\u00f3mo vamos a salir de la crisis. Cuando uno tiene fortalezas frente a una crisis es capaz de resistirla mejor y salir fortalecidos, mientras que cuando uno tiene debilidades el escenario se puede complicar\u201d, dijo entonces al insistir que las dificultades pueden transformar las prioridades y tambi\u00e9n debiesen ser \u00fatiles para determinar si los fundamentos del negocio son los correctos o no.<\/p>\n<p>\u201cEn este a\u00f1o tan dif\u00edcil, como empresa estamos convencidos que los fundamentos de ENAMI y su rol de fomento son los correctos\u201d, finaliz\u00f3.<\/p>\n","protected":false},"excerpt":{"rendered":"<p>Con el prop\u00f3sito de dar a conocer los desaf\u00edos de la Empresa Nacional de Miner\u00eda en su tarea de brindar mayor sustentabilidad a la miner\u00eda&hellip; <\/p>\n","protected":false},"author":2,"featured_media":31747,"comment_status":"open","ping_status":"closed","sticky":false,"template":"","format":"standard","meta":{"footnotes":""},"categories":[34,37],"tags":[],"class_list":["post-31746","post","type-post","status-publish","format-standard","has-post-thumbnail","hentry","category-mineria","category-nacional"],"_links":{"self":[{"href":"https:\/\/www.radioamigavallenar.cl\/index.php?rest_route=\/wp\/v2\/posts\/31746","targetHints":{"allow":["GET"]}}],"collection":[{"href":"https:\/\/www.radioamigavallenar.cl\/index.php?rest_route=\/wp\/v2\/posts"}],"about":[{"href":"https:\/\/www.radioamigavallenar.cl\/index.php?rest_route=\/wp\/v2\/types\/post"}],"author":[{"embeddable":true,"href":"https:\/\/www.radioamigavallenar.cl\/index.php?rest_route=\/wp\/v2\/users\/2"}],"replies":[{"embeddable":true,"href":"https:\/\/www.radioamigavallenar.cl\/index.php?rest_route=%2Fwp%2Fv2%2Fcomments&post=31746"}],"version-history":[{"count":1,"href":"https:\/\/www.radioamigavallenar.cl\/index.php?rest_route=\/wp\/v2\/posts\/31746\/revisions"}],"predecessor-version":[{"id":31748,"href":"https:\/\/www.radioamigavallenar.cl\/index.php?rest_route=\/wp\/v2\/posts\/31746\/revisions\/31748"}],"wp:featuredmedia":[{"embeddable":true,"href":"https:\/\/www.radioamigavallenar.cl\/index.php?rest_route=\/wp\/v2\/media\/31747"}],"wp:attachment":[{"href":"https:\/\/www.radioamigavallenar.cl\/index.php?rest_route=%2Fwp%2Fv2%2Fmedia&parent=31746"}],"wp:term":[{"taxonomy":"category","embeddable":true,"href":"https:\/\/www.radioamigavallenar.cl\/index.php?rest_route=%2Fwp%2Fv2%2Fcategories&post=31746"},{"taxonomy":"post_tag","embeddable":true,"href":"https:\/\/www.radioamigavallenar.cl\/index.php?rest_route=%2Fwp%2Fv2%2Ftags&post=31746"}],"curies":[{"name":"wp","href":"https:\/\/api.w.org\/{rel}","templated":true}]}}