{"id":31743,"date":"2020-11-06T06:00:17","date_gmt":"2020-11-06T09:00:17","guid":{"rendered":"https:\/\/www.radioamigavallenar.cl\/?p=31743"},"modified":"2020-11-05T21:07:51","modified_gmt":"2020-11-06T00:07:51","slug":"rechazan-aprobacion-automatica-del-ano-escolar-y-proyecto-es-archivado","status":"publish","type":"post","link":"https:\/\/www.radioamigavallenar.cl\/?p=31743","title":{"rendered":"Rechazan aprobaci\u00f3n autom\u00e1tica del a\u00f1o escolar y proyecto es archivado"},"content":{"rendered":"<p>Ayer jueves la C\u00e1mara de Diputados rechaz\u00f3 el proyecto que dispone la<strong>\u00a0aprobaci\u00f3n autom\u00e1tica del a\u00f1o escolar 2020,\u00a0<\/strong>tras no dar luz verde a\u00a0su primer art\u00edculo, que precisamente permite su funcionamiento.<\/p>\n<p>\u00abPara el a\u00f1o escolar 2020, los estudiantes de los establecimientos de los\u00a0niveles de educaci\u00f3n b\u00e1sica y media de todas las modalidades, se promover\u00e1n de forma\u00a0autom\u00e1tica de un curso a otro, usando como base el promedio de calificaciones del a\u00f1o\u00a02019\u00bb, se\u00f1ala el inciso rechazado.<\/p>\n<p>El ministro<strong>\u00a0Ra\u00fal Figueroa<\/strong>\u00a0sostuvo que: \u00abLa posici\u00f3n que el Ministerio de Educaci\u00f3n ha sostenido durante todo este tiempo se mantiene, y esto es que debe aplicarse la normativa vigente, que radica en las comunidades educativas la atribuci\u00f3n para determinar c\u00f3mo son promovidos los alumnos\u00bb.<\/p>\n<p>\u00abNos parec\u00eda que una aprobaci\u00f3n autom\u00e1tica iba en contra de la flexibilidad y la autonom\u00eda que hoy d\u00eda requieren los establecimientos educacionales\u00bb, agreg\u00f3.<\/p>\n<h2 style=\"text-align: center;\">Eliminar calificaciones<\/h2>\n<p>El presidente de la comisi\u00f3n de Educaci\u00f3n de la C\u00e1mara de diputados,\u00a0<strong>Juan Santana<\/strong>, manifest\u00f3 que: \u00abLamentamos que colegas de Gobierno y finalmente el Ministerio de Educaci\u00f3n no se hagan cargo de un problema que hoy d\u00eda sigue existiendo. El problema es que nos han llegado y nos siguen llegando casos de estudiantes que van a repetir en un a\u00f1o que a todas luces es un a\u00f1o excepcional\u00bb.<\/p>\n<p>\u00abQueremos anunciar que le vamos a dar tramitaci\u00f3n a los proyectos que buscan<strong>\u00a0eliminar las calificaciones<\/strong>\u00a0para el a\u00f1o 2020. Hay m\u00e1s de un proyecto presentado en la comisi\u00f3n de Educaci\u00f3n, que no se les ha dado tramitaci\u00f3n, que son proyectos que podr\u00edan avanzar perfectamente en el curso de las pr\u00f3ximas semanas\u00bb, a\u00f1adi\u00f3.<\/p>\n<p>\u00abComo no obtuvimos una buena noticia durante esta jornada, dado el alto qu\u00f3rum que requer\u00eda la aprobaci\u00f3n de este proyecto, vamos a optar por un camino alternativo y lo que vamos a hacer es que le vamos a dar, en la comisi\u00f3n de Educaci\u00f3n, tramitaci\u00f3n a los proyectos que buscan eliminar las calificaciones para el a\u00f1o 2020\u00bb, recalc\u00f3.<\/p>\n","protected":false},"excerpt":{"rendered":"<p>Ayer jueves la C\u00e1mara de Diputados rechaz\u00f3 el proyecto que dispone la\u00a0aprobaci\u00f3n autom\u00e1tica del a\u00f1o escolar 2020,\u00a0tras no dar luz verde a\u00a0su primer art\u00edculo, que&hellip; <\/p>\n","protected":false},"author":2,"featured_media":31744,"comment_status":"open","ping_status":"closed","sticky":false,"template":"","format":"standard","meta":{"footnotes":""},"categories":[37],"tags":[],"class_list":["post-31743","post","type-post","status-publish","format-standard","has-post-thumbnail","hentry","category-nacional"],"_links":{"self":[{"href":"https:\/\/www.radioamigavallenar.cl\/index.php?rest_route=\/wp\/v2\/posts\/31743","targetHints":{"allow":["GET"]}}],"collection":[{"href":"https:\/\/www.radioamigavallenar.cl\/index.php?rest_route=\/wp\/v2\/posts"}],"about":[{"href":"https:\/\/www.radioamigavallenar.cl\/index.php?rest_route=\/wp\/v2\/types\/post"}],"author":[{"embeddable":true,"href":"https:\/\/www.radioamigavallenar.cl\/index.php?rest_route=\/wp\/v2\/users\/2"}],"replies":[{"embeddable":true,"href":"https:\/\/www.radioamigavallenar.cl\/index.php?rest_route=%2Fwp%2Fv2%2Fcomments&post=31743"}],"version-history":[{"count":1,"href":"https:\/\/www.radioamigavallenar.cl\/index.php?rest_route=\/wp\/v2\/posts\/31743\/revisions"}],"predecessor-version":[{"id":31745,"href":"https:\/\/www.radioamigavallenar.cl\/index.php?rest_route=\/wp\/v2\/posts\/31743\/revisions\/31745"}],"wp:featuredmedia":[{"embeddable":true,"href":"https:\/\/www.radioamigavallenar.cl\/index.php?rest_route=\/wp\/v2\/media\/31744"}],"wp:attachment":[{"href":"https:\/\/www.radioamigavallenar.cl\/index.php?rest_route=%2Fwp%2Fv2%2Fmedia&parent=31743"}],"wp:term":[{"taxonomy":"category","embeddable":true,"href":"https:\/\/www.radioamigavallenar.cl\/index.php?rest_route=%2Fwp%2Fv2%2Fcategories&post=31743"},{"taxonomy":"post_tag","embeddable":true,"href":"https:\/\/www.radioamigavallenar.cl\/index.php?rest_route=%2Fwp%2Fv2%2Ftags&post=31743"}],"curies":[{"name":"wp","href":"https:\/\/api.w.org\/{rel}","templated":true}]}}