{"id":31740,"date":"2020-11-06T06:00:33","date_gmt":"2020-11-06T09:00:33","guid":{"rendered":"https:\/\/www.radioamigavallenar.cl\/?p=31740"},"modified":"2020-11-05T21:06:15","modified_gmt":"2020-11-06T00:06:15","slug":"empresa-electrica-construyo-torres-de-alta-tension-en-el-desierto-florido-de-atacama","status":"publish","type":"post","link":"https:\/\/www.radioamigavallenar.cl\/?p=31740","title":{"rendered":"Empresa el\u00e9ctrica construy\u00f3 torres de alta tensi\u00f3n en el Desierto Florido de Atacama"},"content":{"rendered":"<p><strong>SMA formul\u00f3 cargos por tres infracciones<\/strong><span id=\"more-224404\"><\/span><\/p>\n<p>Transmisora El\u00e9ctrica del Norte S.A (TEN) obtuvo en 2015 una resoluci\u00f3n de calificaci\u00f3n ambiental para construir una l\u00ednea de transmisi\u00f3n que conectar\u00eda el proyecto Mejillones-Cardones con la subestaci\u00f3n Cardones. El plan inclu\u00eda la instalaci\u00f3n de torres de alta tensi\u00f3n, que finalmente fueron construidas \u00aben ubicaciones distintas a las aprobadas ambientalmente\u00bb.<\/p>\n<p>As\u00ed lo juzg\u00f3 la Superintendencia de Medio Ambiente (SMA), que formul\u00f3 cargos contra TEN por dos infracciones graves y una leve, debido a que el cambio de planes no autorizado \u00abatraviesa el Desierto Florido\u00bb, explic\u00f3 el jefe local de oficina de la SMA, Felipe S\u00e1nchez, al Diario Atacama. La falta fue advertida en 2017, cuando la repartici\u00f3n solicit\u00f3 una fiscalizaci\u00f3n al proyecto que termin\u00f3 evidenciando los incumplimientos.<\/p>\n<p>\u00abEl titular construy\u00f3 dichas torres sin la autorizaci\u00f3n correspondiente y sin la determinaci\u00f3n de los impactos que generar\u00eda su construcci\u00f3n en dicho lugar\u00bb, juzg\u00f3 la SMA. Se trata de nueve torres que pueden conllevar impactos que todav\u00eda no han sido evaluados ambientalmente y por los cuales no se han efectuado medidas. Preliminarmente, el organismo estima que las infracciones tienen car\u00e1cter grave.<\/p>\n<p>\u00abLa construcci\u00f3n de las estructuras del proyecto Reforzamiento Cardones se hizo en un lugar distinto al que fue evaluado ambientalmente\u00bb, detall\u00f3 S\u00e1nchez. \u00abEsto quiere decir que el titular dijo que lo iba a hacer en un punto cuando present\u00f3 su proyecto de evaluaci\u00f3n ambiental, se evalu\u00f3 en ese punto, pero lo construy\u00f3 en un lugar distinto\u00bb, coment\u00f3. Ese lugar, explic\u00f3, est\u00e1 dentro del \u00e1rea de protecci\u00f3n de Sitio Prioritario debido al fen\u00f3meno natural.<\/p>\n<p>Se detect\u00f3 adem\u00e1s el incumplimiento de medidas asociadas a la conservaci\u00f3n de especies de flora y vegetaci\u00f3n.<\/p>\n","protected":false},"excerpt":{"rendered":"<p>SMA formul\u00f3 cargos por tres infracciones Transmisora El\u00e9ctrica del Norte S.A (TEN) obtuvo en 2015 una resoluci\u00f3n de calificaci\u00f3n ambiental para construir una l\u00ednea de&hellip; <\/p>\n","protected":false},"author":2,"featured_media":31741,"comment_status":"open","ping_status":"closed","sticky":false,"template":"","format":"standard","meta":{"footnotes":""},"categories":[7],"tags":[],"class_list":["post-31740","post","type-post","status-publish","format-standard","has-post-thumbnail","hentry","category-atacama"],"_links":{"self":[{"href":"https:\/\/www.radioamigavallenar.cl\/index.php?rest_route=\/wp\/v2\/posts\/31740","targetHints":{"allow":["GET"]}}],"collection":[{"href":"https:\/\/www.radioamigavallenar.cl\/index.php?rest_route=\/wp\/v2\/posts"}],"about":[{"href":"https:\/\/www.radioamigavallenar.cl\/index.php?rest_route=\/wp\/v2\/types\/post"}],"author":[{"embeddable":true,"href":"https:\/\/www.radioamigavallenar.cl\/index.php?rest_route=\/wp\/v2\/users\/2"}],"replies":[{"embeddable":true,"href":"https:\/\/www.radioamigavallenar.cl\/index.php?rest_route=%2Fwp%2Fv2%2Fcomments&post=31740"}],"version-history":[{"count":1,"href":"https:\/\/www.radioamigavallenar.cl\/index.php?rest_route=\/wp\/v2\/posts\/31740\/revisions"}],"predecessor-version":[{"id":31742,"href":"https:\/\/www.radioamigavallenar.cl\/index.php?rest_route=\/wp\/v2\/posts\/31740\/revisions\/31742"}],"wp:featuredmedia":[{"embeddable":true,"href":"https:\/\/www.radioamigavallenar.cl\/index.php?rest_route=\/wp\/v2\/media\/31741"}],"wp:attachment":[{"href":"https:\/\/www.radioamigavallenar.cl\/index.php?rest_route=%2Fwp%2Fv2%2Fmedia&parent=31740"}],"wp:term":[{"taxonomy":"category","embeddable":true,"href":"https:\/\/www.radioamigavallenar.cl\/index.php?rest_route=%2Fwp%2Fv2%2Fcategories&post=31740"},{"taxonomy":"post_tag","embeddable":true,"href":"https:\/\/www.radioamigavallenar.cl\/index.php?rest_route=%2Fwp%2Fv2%2Ftags&post=31740"}],"curies":[{"name":"wp","href":"https:\/\/api.w.org\/{rel}","templated":true}]}}