{"id":31737,"date":"2020-11-06T06:00:46","date_gmt":"2020-11-06T09:00:46","guid":{"rendered":"https:\/\/www.radioamigavallenar.cl\/?p=31737"},"modified":"2020-11-05T21:03:30","modified_gmt":"2020-11-06T00:03:30","slug":"nueva-atacama-destacan-a-operadores-por-colaboracion-en-programa-que-sanitizo-espacios-publicos-en-la-region","status":"publish","type":"post","link":"https:\/\/www.radioamigavallenar.cl\/?p=31737","title":{"rendered":"Nueva Atacama: Destacan a operadores por colaboraci\u00f3n en programa que sanitiz\u00f3 espacios p\u00fablicos en la regi\u00f3n"},"content":{"rendered":"<p><strong>La iniciativa se ha extendido por seis meses y ha favorecido a los habitantes de las comunas de Cha\u00f1aral, Caldera, Tierra Amarilla y Alto del Carmen.<\/strong><span id=\"more-224418\"><\/span><\/p>\n<p>&nbsp;<\/p>\n<p>Nueva Atacama, la Asociaci\u00f3n Regional de Municipios de Atacama (Arma) y la Asociaci\u00f3n de Productores y Exportadores Agr\u00edcolas del Valle de Copiap\u00f3 (Apeco); realizaron el cierre de algunas de las actividades de sanitizaci\u00f3n de espacios p\u00fablicos. Labores que se enmarcaron en el convenio tripartito que se ejecut\u00f3 en las comunas de Cha\u00f1aral, Caldera, Tierra Amarilla y Alto del Carmen.<\/p>\n<p>En dos ceremonias realizadas en el interior del Valle de Copiap\u00f3 se destac\u00f3 a los 59 operadores, pertenecientes a 18 empresas agr\u00edcolas, que dispusieron de sus tractores y tiempo para ejercer esta labor preventiva en el marco de la actual pandemia.<\/p>\n<p>Ra\u00fal Salas, alcalde de Cha\u00f1aral y presidente de Arma, destac\u00f3 como la uni\u00f3n entre lo p\u00fablico y privado genera este tipo de iniciativas, donde se fortaleci\u00f3 la prevenci\u00f3n contra el Covid 19. \u201cEl ver todas las noches esta maquinaria trabajando en la protecci\u00f3n de nuestros vecinos y vecinas fue algo gratificante, lo que la misma comunidad destac\u00f3 con aplausos y muestras de aprecio. Nuestra comunidad esta muy agradecida y creo que estas son formas de aportar a la calidad de vida de nuestra gente\u201d.<\/p>\n<p>La empresa Sanitaria Nueva Atacama colabor\u00f3 en este periodo con m\u00e1s de 6 toneladas de hipoclorito, los cuales eran mezclados con agua al interior de los tractores o camiones aljibes, utilizados para la sanitizaci\u00f3n, y que finalmente eran dispuestos en los espacios p\u00fablicos de las distintas comunas.<\/p>\n<p>Sergio Fuentes, gerente Regional de Nueva Atacama, coment\u00f3 que \u201cestamos muy orgullosos de haber participado en esta iniciativa que est\u00e1 muy alineada con el compromiso que tenemos con la comunidad. Sabemos que tenemos un rol muy importante en esta pandemia porque producimos agua potable y esto permite un correcto lavado de manos, y otras medidas sanitarias para poner un freno al virus\u201d.<\/p>\n<p>El ejecutivo adem\u00e1s destac\u00f3 a quienes d\u00eda a d\u00eda estuvieron en terreno ejecutando estas labores o apoyando en la log\u00edstica, ya que estas medidas preventivas aportan a generar conciencia en la poblaci\u00f3n, por lo que son un ejemplo a imitar en todo el pa\u00eds.<\/p>\n<p>Por su parte Lina Arrieta, presidenta de Apeco, agradeci\u00f3 la disposici\u00f3n de cada empresa que se sum\u00f3 a las labores de sanitizaci\u00f3n, movilizando tractores del interior del valle hasta las zonas costeras de la regi\u00f3n.<\/p>\n<p>\u201cComo asociaci\u00f3n gremial estamos muy contentos de poder generar esta alianza estrat\u00e9gica, logrando coordinar la sanitizaci\u00f3n de calles en distintas comunas de la regi\u00f3n. 18 empresas agr\u00edcolas de nuestro valle se sumaron junto a sus operadores, quienes fueron los art\u00edfices en terreno. Doble agradecimiento para ellos, que realizaban esta labor en la noche, despu\u00e9s del toque de queda con compromiso por la comunidad, lo que demuestra que juntos podemos lograr grandes cosas\u201d, dijo Arrieta.<\/p>\n<p>Pese a la finalizaci\u00f3n de estas actividades en el resto de las comunas, se inform\u00f3 que al interior del Valle de Copiap\u00f3 (Tierra Amarilla) se mantendr\u00e1n las sanitizaciones, ya que el inicio de la temporada de cosecha atrae a mayor cantidad de personas a este sector, por lo que se reforzar\u00e1n las medidas de prevenci\u00f3n conjunta.<\/p>\n","protected":false},"excerpt":{"rendered":"<p>La iniciativa se ha extendido por seis meses y ha favorecido a los habitantes de las comunas de Cha\u00f1aral, Caldera, Tierra Amarilla y Alto del&hellip; <\/p>\n","protected":false},"author":2,"featured_media":31738,"comment_status":"open","ping_status":"closed","sticky":false,"template":"","format":"standard","meta":{"footnotes":""},"categories":[7],"tags":[],"class_list":["post-31737","post","type-post","status-publish","format-standard","has-post-thumbnail","hentry","category-atacama"],"_links":{"self":[{"href":"https:\/\/www.radioamigavallenar.cl\/index.php?rest_route=\/wp\/v2\/posts\/31737","targetHints":{"allow":["GET"]}}],"collection":[{"href":"https:\/\/www.radioamigavallenar.cl\/index.php?rest_route=\/wp\/v2\/posts"}],"about":[{"href":"https:\/\/www.radioamigavallenar.cl\/index.php?rest_route=\/wp\/v2\/types\/post"}],"author":[{"embeddable":true,"href":"https:\/\/www.radioamigavallenar.cl\/index.php?rest_route=\/wp\/v2\/users\/2"}],"replies":[{"embeddable":true,"href":"https:\/\/www.radioamigavallenar.cl\/index.php?rest_route=%2Fwp%2Fv2%2Fcomments&post=31737"}],"version-history":[{"count":1,"href":"https:\/\/www.radioamigavallenar.cl\/index.php?rest_route=\/wp\/v2\/posts\/31737\/revisions"}],"predecessor-version":[{"id":31739,"href":"https:\/\/www.radioamigavallenar.cl\/index.php?rest_route=\/wp\/v2\/posts\/31737\/revisions\/31739"}],"wp:featuredmedia":[{"embeddable":true,"href":"https:\/\/www.radioamigavallenar.cl\/index.php?rest_route=\/wp\/v2\/media\/31738"}],"wp:attachment":[{"href":"https:\/\/www.radioamigavallenar.cl\/index.php?rest_route=%2Fwp%2Fv2%2Fmedia&parent=31737"}],"wp:term":[{"taxonomy":"category","embeddable":true,"href":"https:\/\/www.radioamigavallenar.cl\/index.php?rest_route=%2Fwp%2Fv2%2Fcategories&post=31737"},{"taxonomy":"post_tag","embeddable":true,"href":"https:\/\/www.radioamigavallenar.cl\/index.php?rest_route=%2Fwp%2Fv2%2Ftags&post=31737"}],"curies":[{"name":"wp","href":"https:\/\/api.w.org\/{rel}","templated":true}]}}