{"id":31732,"date":"2020-11-05T10:48:14","date_gmt":"2020-11-05T13:48:14","guid":{"rendered":"https:\/\/www.radioamigavallenar.cl\/?p=31732"},"modified":"2020-11-05T12:50:29","modified_gmt":"2020-11-05T15:50:29","slug":"comienza-fase-3-en-las-comunas-de-copiapo-vallenar-y-tierra-amarilla","status":"publish","type":"post","link":"https:\/\/www.radioamigavallenar.cl\/?p=31732","title":{"rendered":"Comienza fase 3 en las comunas de Copiap\u00f3, Vallenar y Tierra Amarilla"},"content":{"rendered":"<p>Vallenar, Tierra Amarilla y Copiap\u00f3 avanzaron al paso 3 de Preparaci\u00f3n, medida que fue anunciada este d\u00eda lunes por parte de la Subsecretaria del Delito, Katherine Martorell. Sobre esta medida, el Intendente Patricio Urquieta valor\u00f3 esta instancia, que permitir\u00e1 darle dinamismo al comercio regional, reactivando progresivamente la econom\u00eda y d\u00e1ndole un respiro a aquellos trabajadores y pymes que se han visto disminuidos sus ingresos. Al respecto, el Intendente Urquieta se\u00f1al\u00f3 que \u201ccomenzamos con la apertura de las actividades, que nos van a permitir el desarrollo de las actividades comerciales, la apertura de los restoranes, los caf\u00e9s y lugares an\u00e1logos, con ciertas restricciones que est\u00e1n en proceso de desarrollo, dado que en el Paso 3, es posible que funcione la atenci\u00f3n de p\u00fablico en lugares abiertos, pero estamos trabajando precisamente para lograr que en espacios cerrados tambi\u00e9n se pueda atender\u201d.<\/p>\n<p>El representante del Presidente Pi\u00f1era en Atacama profundiz\u00f3 sobre las nuevas medidas que permitir\u00edan abrir algunos locales de comida cerrados. \u201cVamos a tener que implementar protocolos sanitarios de prevenci\u00f3n en cuanto al distanciamiento de las mesas, establecer aforos m\u00e1ximos, tener un tiempo de permanencia limitado al interior del local, todo ello en funci\u00f3n de poder evitar que existan brotes de contagios que pongan en riesgo las conquistas que se han logrado hasta la fecha, gracias al esfuerzo de la comunidad, el personal de salud, las fuerzas armadas, las polic\u00edas y todos aquellos que est\u00e1n sum\u00e1ndose a trabajar y recuperar las actividades laborales y, fundamentalmente, los espacios de libertad que han sido restringidos a partir de las disposiciones sanitarias\u201d agreg\u00f3 el Intendente Urquieta.<\/p>\n<p>Por otra parte, el Seremi de Salud, Basti\u00e1n Hermosilla, detall\u00f3 que \u201choy las comunas de Copiap\u00f3, Tierra Amarilla y Vallenar entran a paso 3, donde se podr\u00e1 atender p\u00fablico en restaurantes, caf\u00e9s y bares, siempre que respeten la normativa vigente. Llamamos a la comunidad a respetar las medidas de prevenci\u00f3n que est\u00e1n impuestas en cada local, con ello nos protegemos todos y evitamos la propagaci\u00f3n del virus\u201d.<\/p>\n<p>En tanto, el Jefe de Defensa Nacional, General Rodrigo Valdivia, explic\u00f3 el resumen diario respecto a los detenidos en toque de queda durante las \u00faltimas 24 horas. \u201cSe han fiscalizado a 77 personas, detenidas 2 y pasadas a control de detenci\u00f3n una persona. Lo que hace un resumen acumulado de personas fiscalizadas de 27. 705 y detenidas 5.466. El detalle por provincias en la regi\u00f3n es el siguiente: Provincia de Cha\u00f1aral fueron fiscalizadas 15 personas, quedando detenida una persona y no pas\u00f3 ninguna persona a control de detenci\u00f3n. En la Provincia de Copiap\u00f3 fueron fiscalizadas 56 personas, detenidas no hubo ni pasadas a control de detenci\u00f3n. En la Provincia del Huasco fueron fiscalizadas seis personas, detenidas una persona y pasada a control de detenci\u00f3n\u201d.<\/p>\n<p>Por su parte del Director del Servicio de Salud de Atacama, Claudio Baeza, reiter\u00f3 el llamado a mantener las medidas de prevenci\u00f3n y as\u00ed seguir cuid\u00e1ndonos entre todos. \u201cMayor libertad significa mayor responsabilidad. Lo que pase de hoy en adelante en materia de la pandemia va a depender del cuidado que tengamos todos en respetar las normativas vigentes y las medidas de prevenci\u00f3n. Queremos hacer un llamado a seguir cuid\u00e1ndonos y a continuar protegiendo a nuestra familia. El virus sigue presente en Atacama por lo que debemos seguir con las medidas de prevenci\u00f3n como el uso de la mascarilla de manera obligatoria, el distanciamiento f\u00edsico y el lavado frecuente de manos\u201d.<\/p>\n","protected":false},"excerpt":{"rendered":"<p>Vallenar, Tierra Amarilla y Copiap\u00f3 avanzaron al paso 3 de Preparaci\u00f3n, medida que fue anunciada este d\u00eda lunes por parte de la Subsecretaria del Delito,&hellip; <\/p>\n","protected":false},"author":2,"featured_media":31733,"comment_status":"open","ping_status":"closed","sticky":false,"template":"","format":"standard","meta":{"footnotes":""},"categories":[7],"tags":[],"class_list":["post-31732","post","type-post","status-publish","format-standard","has-post-thumbnail","hentry","category-atacama"],"_links":{"self":[{"href":"https:\/\/www.radioamigavallenar.cl\/index.php?rest_route=\/wp\/v2\/posts\/31732","targetHints":{"allow":["GET"]}}],"collection":[{"href":"https:\/\/www.radioamigavallenar.cl\/index.php?rest_route=\/wp\/v2\/posts"}],"about":[{"href":"https:\/\/www.radioamigavallenar.cl\/index.php?rest_route=\/wp\/v2\/types\/post"}],"author":[{"embeddable":true,"href":"https:\/\/www.radioamigavallenar.cl\/index.php?rest_route=\/wp\/v2\/users\/2"}],"replies":[{"embeddable":true,"href":"https:\/\/www.radioamigavallenar.cl\/index.php?rest_route=%2Fwp%2Fv2%2Fcomments&post=31732"}],"version-history":[{"count":3,"href":"https:\/\/www.radioamigavallenar.cl\/index.php?rest_route=\/wp\/v2\/posts\/31732\/revisions"}],"predecessor-version":[{"id":31736,"href":"https:\/\/www.radioamigavallenar.cl\/index.php?rest_route=\/wp\/v2\/posts\/31732\/revisions\/31736"}],"wp:featuredmedia":[{"embeddable":true,"href":"https:\/\/www.radioamigavallenar.cl\/index.php?rest_route=\/wp\/v2\/media\/31733"}],"wp:attachment":[{"href":"https:\/\/www.radioamigavallenar.cl\/index.php?rest_route=%2Fwp%2Fv2%2Fmedia&parent=31732"}],"wp:term":[{"taxonomy":"category","embeddable":true,"href":"https:\/\/www.radioamigavallenar.cl\/index.php?rest_route=%2Fwp%2Fv2%2Fcategories&post=31732"},{"taxonomy":"post_tag","embeddable":true,"href":"https:\/\/www.radioamigavallenar.cl\/index.php?rest_route=%2Fwp%2Fv2%2Ftags&post=31732"}],"curies":[{"name":"wp","href":"https:\/\/api.w.org\/{rel}","templated":true}]}}