{"id":31729,"date":"2020-11-05T12:23:00","date_gmt":"2020-11-05T15:23:00","guid":{"rendered":"https:\/\/www.radioamigavallenar.cl\/?p=31729"},"modified":"2020-11-05T12:23:00","modified_gmt":"2020-11-05T15:23:00","slug":"atacama-reporto-hoy-jueves-solo-un-caso-nuevo-de-coronavirus","status":"publish","type":"post","link":"https:\/\/www.radioamigavallenar.cl\/?p=31729","title":{"rendered":"Atacama report\u00f3 hoy jueves solo un caso nuevo de Coronavirus"},"content":{"rendered":"<p>El Minsal inform\u00f3 este jueves de solo un caso nuevo de la enfermedad en las \u00faltimas horas en Atacama, trat\u00e1ndose de un caso sintom\u00e1tico de la comuna de Copiap\u00f3. Adem\u00e1s se destaca una disminuci\u00f3n en el n\u00famero de casos activos, llegando a 76.<\/p>\n<p style=\"text-align: center;\"><a href=\"https:\/\/www.radioamigavallenar.cl\/wp-content\/uploads\/2020\/11\/EmEZlRLXUAA6LVP.jpg\"><img loading=\"lazy\" decoding=\"async\" class=\"alignnone  wp-image-31730\" src=\"https:\/\/www.radioamigavallenar.cl\/wp-content\/uploads\/2020\/11\/EmEZlRLXUAA6LVP-300x300.jpg\" alt=\"\" width=\"688\" height=\"688\" \/><\/a><\/p>\n<p>Con aquello Atacama, alcanza a la fecha un total de 7.906 de Coronavirus.<\/p>\n","protected":false},"excerpt":{"rendered":"<p>El Minsal inform\u00f3 este jueves de solo un caso nuevo de la enfermedad en las \u00faltimas horas en Atacama, trat\u00e1ndose de un caso sintom\u00e1tico de&hellip; <\/p>\n","protected":false},"author":2,"featured_media":23908,"comment_status":"open","ping_status":"closed","sticky":false,"template":"","format":"standard","meta":{"footnotes":""},"categories":[7],"tags":[],"class_list":["post-31729","post","type-post","status-publish","format-standard","has-post-thumbnail","hentry","category-atacama"],"_links":{"self":[{"href":"https:\/\/www.radioamigavallenar.cl\/index.php?rest_route=\/wp\/v2\/posts\/31729","targetHints":{"allow":["GET"]}}],"collection":[{"href":"https:\/\/www.radioamigavallenar.cl\/index.php?rest_route=\/wp\/v2\/posts"}],"about":[{"href":"https:\/\/www.radioamigavallenar.cl\/index.php?rest_route=\/wp\/v2\/types\/post"}],"author":[{"embeddable":true,"href":"https:\/\/www.radioamigavallenar.cl\/index.php?rest_route=\/wp\/v2\/users\/2"}],"replies":[{"embeddable":true,"href":"https:\/\/www.radioamigavallenar.cl\/index.php?rest_route=%2Fwp%2Fv2%2Fcomments&post=31729"}],"version-history":[{"count":1,"href":"https:\/\/www.radioamigavallenar.cl\/index.php?rest_route=\/wp\/v2\/posts\/31729\/revisions"}],"predecessor-version":[{"id":31731,"href":"https:\/\/www.radioamigavallenar.cl\/index.php?rest_route=\/wp\/v2\/posts\/31729\/revisions\/31731"}],"wp:featuredmedia":[{"embeddable":true,"href":"https:\/\/www.radioamigavallenar.cl\/index.php?rest_route=\/wp\/v2\/media\/23908"}],"wp:attachment":[{"href":"https:\/\/www.radioamigavallenar.cl\/index.php?rest_route=%2Fwp%2Fv2%2Fmedia&parent=31729"}],"wp:term":[{"taxonomy":"category","embeddable":true,"href":"https:\/\/www.radioamigavallenar.cl\/index.php?rest_route=%2Fwp%2Fv2%2Fcategories&post=31729"},{"taxonomy":"post_tag","embeddable":true,"href":"https:\/\/www.radioamigavallenar.cl\/index.php?rest_route=%2Fwp%2Fv2%2Ftags&post=31729"}],"curies":[{"name":"wp","href":"https:\/\/api.w.org\/{rel}","templated":true}]}}