{"id":31723,"date":"2020-11-05T11:30:18","date_gmt":"2020-11-05T14:30:18","guid":{"rendered":"https:\/\/www.radioamigavallenar.cl\/?p=31723"},"modified":"2020-11-05T11:48:27","modified_gmt":"2020-11-05T14:48:27","slug":"se-dio-por-finalizado-el-control-sanitario-que-el-municipio-de-huasco-mantuvo-al-acceso-de-la-comuna","status":"publish","type":"post","link":"https:\/\/www.radioamigavallenar.cl\/?p=31723","title":{"rendered":"Se di\u00f3 por finalizado el control sanitario que el municipio de Huasco mantuvo al acceso de la comuna."},"content":{"rendered":"<p style=\"font-weight: 400;\"><span style=\"font-style: inherit; font-weight: inherit;\">El alcalde Rodrigo Loyola agradeci\u00f3 el trabajo de los y las funcionarias que trabajaron y se\u00f1al\u00f3 que \u201choy ante las medidas de desconfinamiento ya no se justifica mantener la barrera sanitaria, a pesar de los cuestionamientos de las autoridades y las denuncias igualmente cumplimos con nuestro deber de proteger a la comunidad ante la pandemia\u201d.<\/span><\/p>\n<p style=\"font-weight: 400;\"><span style=\"font-style: inherit; font-weight: inherit;\">Cabe se\u00f1alar que la barrera sanitaria se instaur\u00f3 como una medida m\u00e1s de prevenci\u00f3n, sumado a otras iniciativas que tempranamente adopt\u00f3 el municipio local como el uso obligatorio de mascarilla para poder enfrentar la pandemia por Covid-19 y evitar mayores contagios.<\/span><\/p>\n<p style=\"font-weight: 400;\"><span style=\"font-style: inherit; font-weight: inherit;\">Igualmente volvemos a reiterar nuestros agradecimientos a quienes estuvieron colaborando con la barrera, empresas del valle y especialmente a las funcionarias y asistentes que trabajaron sin descanso por resguardar nuestra salud.<\/span><\/p>\n<p style=\"font-weight: 400;\"><span style=\"font-style: inherit; font-weight: inherit;\">La comuna de Huasco se encuentra en el paso 3 del Plan Paso a Paso anunciado por el gobierno, que permite reuniones con un limitado n\u00famero de personas y la apertura de restoranes y otros servicios bajo ciertas medidas sanitarias<\/span><\/p>\n<p style=\"font-weight: 400;\"><span style=\"font-style: inherit; font-weight: inherit;\">Fuente: Municipalidad de Huasco<\/span><\/p>\n","protected":false},"excerpt":{"rendered":"<p>El alcalde Rodrigo Loyola agradeci\u00f3 el trabajo de los y las funcionarias que trabajaron y se\u00f1al\u00f3 que \u201choy ante las medidas de desconfinamiento ya no&hellip; <\/p>\n","protected":false},"author":2,"featured_media":31724,"comment_status":"open","ping_status":"closed","sticky":false,"template":"","format":"standard","meta":{"footnotes":""},"categories":[38],"tags":[],"class_list":["post-31723","post","type-post","status-publish","format-standard","has-post-thumbnail","hentry","category-portada-regional"],"_links":{"self":[{"href":"https:\/\/www.radioamigavallenar.cl\/index.php?rest_route=\/wp\/v2\/posts\/31723","targetHints":{"allow":["GET"]}}],"collection":[{"href":"https:\/\/www.radioamigavallenar.cl\/index.php?rest_route=\/wp\/v2\/posts"}],"about":[{"href":"https:\/\/www.radioamigavallenar.cl\/index.php?rest_route=\/wp\/v2\/types\/post"}],"author":[{"embeddable":true,"href":"https:\/\/www.radioamigavallenar.cl\/index.php?rest_route=\/wp\/v2\/users\/2"}],"replies":[{"embeddable":true,"href":"https:\/\/www.radioamigavallenar.cl\/index.php?rest_route=%2Fwp%2Fv2%2Fcomments&post=31723"}],"version-history":[{"count":1,"href":"https:\/\/www.radioamigavallenar.cl\/index.php?rest_route=\/wp\/v2\/posts\/31723\/revisions"}],"predecessor-version":[{"id":31725,"href":"https:\/\/www.radioamigavallenar.cl\/index.php?rest_route=\/wp\/v2\/posts\/31723\/revisions\/31725"}],"wp:featuredmedia":[{"embeddable":true,"href":"https:\/\/www.radioamigavallenar.cl\/index.php?rest_route=\/wp\/v2\/media\/31724"}],"wp:attachment":[{"href":"https:\/\/www.radioamigavallenar.cl\/index.php?rest_route=%2Fwp%2Fv2%2Fmedia&parent=31723"}],"wp:term":[{"taxonomy":"category","embeddable":true,"href":"https:\/\/www.radioamigavallenar.cl\/index.php?rest_route=%2Fwp%2Fv2%2Fcategories&post=31723"},{"taxonomy":"post_tag","embeddable":true,"href":"https:\/\/www.radioamigavallenar.cl\/index.php?rest_route=%2Fwp%2Fv2%2Ftags&post=31723"}],"curies":[{"name":"wp","href":"https:\/\/api.w.org\/{rel}","templated":true}]}}