{"id":31720,"date":"2020-11-05T11:44:23","date_gmt":"2020-11-05T14:44:23","guid":{"rendered":"https:\/\/www.radioamigavallenar.cl\/?p=31720"},"modified":"2020-11-05T11:44:23","modified_gmt":"2020-11-05T14:44:23","slug":"ex-intendente-sanchez-se-declara-inocente-tras-formalizacion","status":"publish","type":"post","link":"https:\/\/www.radioamigavallenar.cl\/?p=31720","title":{"rendered":"Ex \u2013 intendente S\u00e1nchez se declara inocente tras formalizaci\u00f3n"},"content":{"rendered":"<p style=\"font-weight: 400;\"><span style=\"font-style: inherit; font-weight: inherit;\">El martes, se realiz\u00f3 la formalizaci\u00f3n por parte del Ministerio P\u00fablico en contra del ex \u2013 intendente de Atacama y ex \u2013 gerente de Atacama Kozam, Francisco S\u00e1nchez Barrera, causa que es indagada el fiscal adjunto de Copiap\u00f3, Luis Miranda Flores.<\/span><\/p>\n<p style=\"font-weight: 400;\"><span style=\"font-style: inherit; font-weight: inherit;\">Respecto de esto, fue el propio Francisco S\u00e1nchez, el que mediante una declaraci\u00f3n de prensa se\u00f1al\u00f3 que \u201cdespu\u00e9s de casi dos a\u00f1os de investigaci\u00f3n y para nosotros de larga espera, fuimos formalizados por hechos que desde una perspectiva jur\u00eddica procesal no tienen ninguna connotaci\u00f3n de delito y que se alejan de una manera brutal de las cifras en d\u00f3lares enunciadas en la querella\u201d.<\/span><\/p>\n<p style=\"font-weight: 400;\"><span style=\"font-style: inherit; font-weight: inherit;\">Agrega la misiva que \u201ctuvimos la oportunidad de conocer una cantidad abrumadora de pruebas documentales incorporadas en la carpeta investigativa, plagadas de mentiras y embustes, as\u00ed como de informes financieros de apariencia t\u00e9cnica, llenas de insinuaciones, vaguedades e inconsistencias aportados por los querellantes, que, en nuestra opini\u00f3n, no tienen otro prop\u00f3sito que el de entorpecer el trabajo de la fiscal\u00eda\u201d.<\/span><\/p>\n<p style=\"font-weight: 400;\"><span style=\"font-style: inherit; font-weight: inherit;\">Finalmente, en la declaraci\u00f3n S\u00e1nchez Barrera manifiesta que \u201cseguiremos aportando todos los antecedentes que no sean requeridos como lo hemos venido haciendo activamente durante todo el per\u00edodo previo en octubre del a\u00f1o pasado\u201d. Agrega que \u201chace un a\u00f1o atr\u00e1s declaramos ante la fiscal\u00eda, abrimos nuestras cuentas corrientes e informaci\u00f3n financiera, as\u00ed como solicitamos diligencias y aportamos documentos, que, a nuestro juicio, ayudan a la investigaci\u00f3n y permitir\u00e1n al ministerio p\u00fablico el total esclarecimiento de los hechos, y por consiguiente declarar nuestra total y absoluta inocencia frente a los mismos. Estamos convencidos que m\u00e1s temprano que tarde y que a medida que avanza la investigaci\u00f3n quedar\u00e1 al descubierto esta suerte de montaje calumnioso preparado por Atacama Kozan y sus controladores Francisco Javier Err\u00e1zuriz Ovalle y el Grupo Japon\u00e9s Nittzu\u201d, apareciendo al pie de la declaraci\u00f3n el nombre de Francisco S\u00e1nchez Barrera.<\/span><\/p>\n","protected":false},"excerpt":{"rendered":"<p>El martes, se realiz\u00f3 la formalizaci\u00f3n por parte del Ministerio P\u00fablico en contra del ex \u2013 intendente de Atacama y ex \u2013 gerente de Atacama&hellip; <\/p>\n","protected":false},"author":2,"featured_media":31721,"comment_status":"open","ping_status":"closed","sticky":false,"template":"","format":"standard","meta":{"footnotes":""},"categories":[38],"tags":[],"class_list":["post-31720","post","type-post","status-publish","format-standard","has-post-thumbnail","hentry","category-portada-regional"],"_links":{"self":[{"href":"https:\/\/www.radioamigavallenar.cl\/index.php?rest_route=\/wp\/v2\/posts\/31720","targetHints":{"allow":["GET"]}}],"collection":[{"href":"https:\/\/www.radioamigavallenar.cl\/index.php?rest_route=\/wp\/v2\/posts"}],"about":[{"href":"https:\/\/www.radioamigavallenar.cl\/index.php?rest_route=\/wp\/v2\/types\/post"}],"author":[{"embeddable":true,"href":"https:\/\/www.radioamigavallenar.cl\/index.php?rest_route=\/wp\/v2\/users\/2"}],"replies":[{"embeddable":true,"href":"https:\/\/www.radioamigavallenar.cl\/index.php?rest_route=%2Fwp%2Fv2%2Fcomments&post=31720"}],"version-history":[{"count":1,"href":"https:\/\/www.radioamigavallenar.cl\/index.php?rest_route=\/wp\/v2\/posts\/31720\/revisions"}],"predecessor-version":[{"id":31722,"href":"https:\/\/www.radioamigavallenar.cl\/index.php?rest_route=\/wp\/v2\/posts\/31720\/revisions\/31722"}],"wp:featuredmedia":[{"embeddable":true,"href":"https:\/\/www.radioamigavallenar.cl\/index.php?rest_route=\/wp\/v2\/media\/31721"}],"wp:attachment":[{"href":"https:\/\/www.radioamigavallenar.cl\/index.php?rest_route=%2Fwp%2Fv2%2Fmedia&parent=31720"}],"wp:term":[{"taxonomy":"category","embeddable":true,"href":"https:\/\/www.radioamigavallenar.cl\/index.php?rest_route=%2Fwp%2Fv2%2Fcategories&post=31720"},{"taxonomy":"post_tag","embeddable":true,"href":"https:\/\/www.radioamigavallenar.cl\/index.php?rest_route=%2Fwp%2Fv2%2Ftags&post=31720"}],"curies":[{"name":"wp","href":"https:\/\/api.w.org\/{rel}","templated":true}]}}