{"id":31718,"date":"2020-11-05T11:41:08","date_gmt":"2020-11-05T14:41:08","guid":{"rendered":"https:\/\/www.radioamigavallenar.cl\/?p=31718"},"modified":"2020-11-05T11:41:08","modified_gmt":"2020-11-05T14:41:08","slug":"senadora-yasna-provoste-destaca-avance-de-proyecto-que-prorroga-la-vigencia-de-ley-que-prohibe-el-corte-de-servicios-basicos","status":"publish","type":"post","link":"https:\/\/www.radioamigavallenar.cl\/?p=31718","title":{"rendered":"Senadora Yasna Provoste destaca avance de proyecto que prorroga la vigencia de ley que proh\u00edbe el corte de servicios b\u00e1sicos"},"content":{"rendered":"<p><strong>La iniciativa fue aprobada en general y en particular por la Comisi\u00f3n de Econom\u00eda del Senado, quedando en condiciones de iniciar su tramitaci\u00f3n en sala de la C\u00e1mara Alta.<\/strong><\/p>\n<p>La Comisi\u00f3n de Econom\u00eda del Senado aprob\u00f3 en general y en particular el proyecto presentado por la senadora Yasna Provoste (DC), junto a sus pares Carlos Bianchi (IND), \u00c1lvaro Elizalde (PS), Ximena Rinc\u00f3n (DC) y Francisco Huenchumilla (DC), para prorrogar el plazo de vigencia de la ley que proh\u00edbe el corte por mora y permite la reprogramaci\u00f3n de deudas de servicios b\u00e1sicos -luz, agua y gas por red-, durante la emergencia sanitaria derivada de la pandemia COVID-19; normativa que vence el pr\u00f3ximo 8 de noviembre.<\/p>\n<p>\u201cUna vez m\u00e1s el Gobierno llega tarde y llega mal. Estamos a pocos d\u00edas de que termine la vigencia de la ley que permite prorrogar las deudas en los servicios b\u00e1sicos a los ciudadanos y ciudadanas que han enfrentado dificultades producto de la crisis sanitaria y econ\u00f3mica que est\u00e1 viviendo nuestro pa\u00eds y no fue sino hasta el d\u00eda del hoy que la Comisi\u00f3n de Econom\u00eda puso en discusi\u00f3n este proyecto\u201d, expres\u00f3 Provoste, valorando el esfuerzo de quienes constituyen esa instancia legislativa tras sacar adelante la moci\u00f3n parlamentaria.<\/p>\n<p>Asimismo, la congresista detall\u00f3 que \u201cnos parece que la indicaci\u00f3n que se introdujo en este debate, en donde se establece la obligatoriedad de que las empresas le entreguen en una cuenta consolidada a los clientes el nivel de la deuda y las posibilidades de adscribir a este beneficio, apuntan en la direcci\u00f3n de colocar en el centro a la familia y no a la empresa como quiere este Gobierno\u201d.<\/p>\n<p>En lo fundamental, la iniciativa (bolet\u00edn 13848-03) busca ampliar el plazo de aplicaci\u00f3n de la Ley de Servicios B\u00e1sicos hasta abril del a\u00f1o 2021; ampliar los meses de prorrateo de 12 a 36 meses; hacer autom\u00e1tica la reprogramaci\u00f3n de las deudas por el solo hecho de no cancelarlas en la fecha que corresponde, salvo la negativa expresa del usuario. Finalmente, la propuesta establece tambi\u00e9n mecanismos adecuados de informaci\u00f3n de parte de las empresas a sus clientes.<\/p>\n","protected":false},"excerpt":{"rendered":"<p>La iniciativa fue aprobada en general y en particular por la Comisi\u00f3n de Econom\u00eda del Senado, quedando en condiciones de iniciar su tramitaci\u00f3n en sala&hellip; <\/p>\n","protected":false},"author":2,"featured_media":30247,"comment_status":"open","ping_status":"closed","sticky":false,"template":"","format":"standard","meta":{"footnotes":""},"categories":[7],"tags":[],"class_list":["post-31718","post","type-post","status-publish","format-standard","has-post-thumbnail","hentry","category-atacama"],"_links":{"self":[{"href":"https:\/\/www.radioamigavallenar.cl\/index.php?rest_route=\/wp\/v2\/posts\/31718","targetHints":{"allow":["GET"]}}],"collection":[{"href":"https:\/\/www.radioamigavallenar.cl\/index.php?rest_route=\/wp\/v2\/posts"}],"about":[{"href":"https:\/\/www.radioamigavallenar.cl\/index.php?rest_route=\/wp\/v2\/types\/post"}],"author":[{"embeddable":true,"href":"https:\/\/www.radioamigavallenar.cl\/index.php?rest_route=\/wp\/v2\/users\/2"}],"replies":[{"embeddable":true,"href":"https:\/\/www.radioamigavallenar.cl\/index.php?rest_route=%2Fwp%2Fv2%2Fcomments&post=31718"}],"version-history":[{"count":1,"href":"https:\/\/www.radioamigavallenar.cl\/index.php?rest_route=\/wp\/v2\/posts\/31718\/revisions"}],"predecessor-version":[{"id":31719,"href":"https:\/\/www.radioamigavallenar.cl\/index.php?rest_route=\/wp\/v2\/posts\/31718\/revisions\/31719"}],"wp:featuredmedia":[{"embeddable":true,"href":"https:\/\/www.radioamigavallenar.cl\/index.php?rest_route=\/wp\/v2\/media\/30247"}],"wp:attachment":[{"href":"https:\/\/www.radioamigavallenar.cl\/index.php?rest_route=%2Fwp%2Fv2%2Fmedia&parent=31718"}],"wp:term":[{"taxonomy":"category","embeddable":true,"href":"https:\/\/www.radioamigavallenar.cl\/index.php?rest_route=%2Fwp%2Fv2%2Fcategories&post=31718"},{"taxonomy":"post_tag","embeddable":true,"href":"https:\/\/www.radioamigavallenar.cl\/index.php?rest_route=%2Fwp%2Fv2%2Ftags&post=31718"}],"curies":[{"name":"wp","href":"https:\/\/api.w.org\/{rel}","templated":true}]}}