{"id":31715,"date":"2020-11-05T11:18:48","date_gmt":"2020-11-05T14:18:48","guid":{"rendered":"https:\/\/www.radioamigavallenar.cl\/?p=31715"},"modified":"2020-11-05T11:18:48","modified_gmt":"2020-11-05T14:18:48","slug":"mineduc-entregara-6-mil-millones-para-que-colegios-se-adapten-para-enfrentar-covid-19","status":"publish","type":"post","link":"https:\/\/www.radioamigavallenar.cl\/?p=31715","title":{"rendered":"Mineduc entregar\u00e1 $6 mil millones para que colegios se adapten para enfrentar COVID-19"},"content":{"rendered":"<p>Seremi Silvia \u00c1lvarez se\u00f1al\u00f3 que pueden postular iniciativa como sanitizaci\u00f3n, se\u00f1al\u00e9tica, lavamanos port\u00e1tiles, separadores, recambio de ventanas y filtros de aire, entre otras.<\/p>\n<p>Hasta el 20 de noviembre est\u00e1 abierta la convocatoria para que los sostenedores de establecimientos municipales postulen a los fondos que el Ministerio de Educaci\u00f3n entregar\u00e1 para que puedan enfrentar su adaptar su infraestructura y adquirir equipamiento que permita adecuar los espacios f\u00edsicos para el reintegro a clases de las comunidades educativas de acuerdo con los requerimientos de la autoridad sanitaria.<\/p>\n<p>La informaci\u00f3n fue entregada por la Seremi Silvia \u00c1lvarez Matthews, quien precis\u00f3 que se trata de $6 mil millones y pueden ser destinados a \u201csanitizaci\u00f3n, se\u00f1al\u00e9tica, lavamanos port\u00e1tiles, separadores, recambio de ventanas y filtros de aire, entre otras intervenciones posibles de financiar. Lo fundamental es que cada familia tenga certeza que estamos redoblando nuestros esfuerzos por la seguridad de los ni\u00f1os, ni\u00f1as y j\u00f3venes por eso desde el ministerio estamos brindando todas las condiciones para que el retorno sea seguro, voluntario y gradual, y adem\u00e1s lanzamos este plan para que los colegios municipales que lo requieran tengan recursos extras disponibles para invertir en mejor infraestructura y equipamiento para adaptar sus espacios a esta nueva realidad por coronavirus\u201d.<\/p>\n<p>\u201cComo una medida extra, este plan establece tres criterios de priorizaci\u00f3n para asignar recursos a los establecimientos que lo soliciten, partiendo con un 50% de ponderaci\u00f3n para la cantidad de matr\u00edcula actual y as\u00ed asignar mayores recursos a colegios m\u00e1s numerosos, otro factor importante a considerar es el nivel de vulnerabilidad del establecimiento que se evaluar\u00e1 en un 40%, es decir mientras un colegio sea m\u00e1s vulnerable tiene m\u00e1s opciones de adjudicarse este fondo, y por \u00faltimo el nivel de deterioro (10%) de la escuela o liceo seg\u00fan el \u00faltimo catastro establecido\u201d, explic\u00f3 la Seremi de Educaci\u00f3n.<\/p>\n<p>Finalmente, la autoridad regional indici\u00f3 que esta iniciativa que lleva adelante el Ministerio de Educaci\u00f3n para que los establecimientos cuenten con recursos para hacer frente a la contingencia, se suma a otros como la flexibilizaci\u00f3n de los recursos SEP. \u201cAtacama se encuentra en fase 3, por lo que actualmente cualquier establecimiento educacional podr\u00eda solicitar reabrir sus puertas, para que los estudiantes puedan retomar sus aprendizajes en la sala de clases, ya que esta experiencia es irremplazable\u201d.<\/p>\n","protected":false},"excerpt":{"rendered":"<p>Seremi Silvia \u00c1lvarez se\u00f1al\u00f3 que pueden postular iniciativa como sanitizaci\u00f3n, se\u00f1al\u00e9tica, lavamanos port\u00e1tiles, separadores, recambio de ventanas y filtros de aire, entre otras. Hasta el&hellip; <\/p>\n","protected":false},"author":2,"featured_media":31716,"comment_status":"open","ping_status":"closed","sticky":false,"template":"","format":"standard","meta":{"footnotes":""},"categories":[38],"tags":[],"class_list":["post-31715","post","type-post","status-publish","format-standard","has-post-thumbnail","hentry","category-portada-regional"],"_links":{"self":[{"href":"https:\/\/www.radioamigavallenar.cl\/index.php?rest_route=\/wp\/v2\/posts\/31715","targetHints":{"allow":["GET"]}}],"collection":[{"href":"https:\/\/www.radioamigavallenar.cl\/index.php?rest_route=\/wp\/v2\/posts"}],"about":[{"href":"https:\/\/www.radioamigavallenar.cl\/index.php?rest_route=\/wp\/v2\/types\/post"}],"author":[{"embeddable":true,"href":"https:\/\/www.radioamigavallenar.cl\/index.php?rest_route=\/wp\/v2\/users\/2"}],"replies":[{"embeddable":true,"href":"https:\/\/www.radioamigavallenar.cl\/index.php?rest_route=%2Fwp%2Fv2%2Fcomments&post=31715"}],"version-history":[{"count":1,"href":"https:\/\/www.radioamigavallenar.cl\/index.php?rest_route=\/wp\/v2\/posts\/31715\/revisions"}],"predecessor-version":[{"id":31717,"href":"https:\/\/www.radioamigavallenar.cl\/index.php?rest_route=\/wp\/v2\/posts\/31715\/revisions\/31717"}],"wp:featuredmedia":[{"embeddable":true,"href":"https:\/\/www.radioamigavallenar.cl\/index.php?rest_route=\/wp\/v2\/media\/31716"}],"wp:attachment":[{"href":"https:\/\/www.radioamigavallenar.cl\/index.php?rest_route=%2Fwp%2Fv2%2Fmedia&parent=31715"}],"wp:term":[{"taxonomy":"category","embeddable":true,"href":"https:\/\/www.radioamigavallenar.cl\/index.php?rest_route=%2Fwp%2Fv2%2Fcategories&post=31715"},{"taxonomy":"post_tag","embeddable":true,"href":"https:\/\/www.radioamigavallenar.cl\/index.php?rest_route=%2Fwp%2Fv2%2Ftags&post=31715"}],"curies":[{"name":"wp","href":"https:\/\/api.w.org\/{rel}","templated":true}]}}