{"id":31711,"date":"2020-11-05T11:16:28","date_gmt":"2020-11-05T14:16:28","guid":{"rendered":"https:\/\/www.radioamigavallenar.cl\/?p=31711"},"modified":"2020-11-05T11:16:28","modified_gmt":"2020-11-05T14:16:28","slug":"sujeto-de-vallenar-uno-de-los-porfiados-que-suma-12-detenciones-en-pandemia","status":"publish","type":"post","link":"https:\/\/www.radioamigavallenar.cl\/?p=31711","title":{"rendered":"Sujeto de Vallenar uno de los porfiados que suma 12 detenciones en pandemia"},"content":{"rendered":"<p><strong>Los sujetos detenidos por Carabineros desde el 19 de marzo a la fecha tienen antecedentes policiales. El 43% de las detenciones se registra en la comuna de Copiap\u00f3.<\/strong><\/p>\n<p>En 226 d\u00edas de pandemia, la Regi\u00f3n de Atacama registra varios sujetos con detenciones reiteradas, siendo la comuna de Vallenar la que encabeza este listado con 12 detenciones. Este individuo con mayor cantidad de detenciones 6 fueron contra la salud p\u00fablica, 3 por \u00f3rdenes judiciales y 3 por delitos de mayor connnotaci\u00f3n social.<\/p>\n<p>As\u00ed como este sujeto hay otros ocho casos en la regi\u00f3n de Atacama, uno en la comuna de Caldera que figura con 11 detenciones, uno en Copiap\u00f3 y Diego de Almagro con 8 detenciones, otro en Cha\u00f1aral y Huasco con 5 detenciones, uno en Tierra Amarilla con 4, uno en Alto del Carmen con 3 detenciones y en Freirina un sujeto detenido dos veces en esta pandemia.<\/p>\n<p>Son mucho m\u00e1s que simples porfiados. Estos infractores m\u00e1s recurrentes de la pandemia, acumulan en conjunto 58 detenciones por parte de Carabineros durante la crisis sanitaria. De hecho, el 43% de las detenciones desde el 19 de marzo se registra en la comuna de Copiap\u00f3.<\/p>\n<p>As\u00ed se dio a conocer el Jefe de la III Zona de Carabineros Atacama, general Juan Pablo Caneo Far\u00edas, este mi\u00e9rcoles en el balance semanal de la labor policial.<\/p>\n<p>El general Caneo junto al Intendente Patricio Urquieta Garc\u00eda, difundieron este nuevo informe del Departamento de An\u00e1lisis Criminal de Carabineros, que da cuenta de estos sujetos que adem\u00e1s de infringir el c\u00f3digo sanitario, art\u00edculo 318, son aprendidos en flagrancia cometiendo delitos de mayor connotaci\u00f3n social. Entre las cuales destacan los robos, desacato, ocultamiento identidad, receptaci\u00f3n y por Orden Judicial pendiente, entre otros.<\/p>\n<p>\u201cLos resultados de este estudio del Departamento de An\u00e1lisis Criminal, que viene siguiendo este fen\u00f3meno de los \u2018porfiados\u2019 desde el inicio de la pandemia, reflejan que no se trata solo de la irresponsabilidad o imprudencia propia de un joven o adulto joven. Sus reiteraciones son expresi\u00f3n de un compromiso delictual. Son personas a las que el respeto por los dem\u00e1s les resulta ajeno y las restricciones sanitarias significaron una dificultad para su accionar delictual; sin embargo, no dejaron de intentar y han seguido delinquiendo\u201d, se\u00f1al\u00f3 el General Juan Pablo Caneo.<\/p>\n<p>\u201cLa instituci\u00f3n no s\u00f3lo ha aportado a la fiscalizaci\u00f3n de las medidas sanitarias. Ha desplegado, adem\u00e1s, importantes esfuerzos en la labor operativa e investigativa. Estas cifras tambi\u00e9n reflejan el incansable trabajo de nuestros Carabineros, que han detenido a estas personas y las seguir\u00e1n deteniendo todas las veces que sean necesarias\u201d, sostuvo el general Caneo.<\/p>\n<p>Por su parte, el Intendente Patricio Urquieta destac\u00f3 y valor\u00f3 el trabajo que viene desarrollando Carabineros y en particular desde la pandemia, porque \u00e9ste no s\u00f3lo ha permitido disminuir los delitos sino tambi\u00e9n incrementar la seguridad de las personas que viven en Atacama. (Cu\u00f1a intendente).<\/p>\n<p>De acuerdo a los resultados de la plataforma STOP (Sistema T\u00e1ctico de Operaci\u00f3n Policial), la \u00faltima semana los Delitos de Mayor Connotaci\u00f3n Social cayeron -57,5% respecto del mismo per\u00edodo del a\u00f1o anterior, con 119 casos menos.<\/p>\n<p>En cuanto a los \u00faltimos 28 d\u00edas, los DMCS disminuyeron -56,9% respecto del a\u00f1o anterior, con un total de 469 registros menos. En tanto, el registro de Robos baj\u00f3 en -62,9% comparado con igual per\u00edodo de 2019, lo que equivale a 73 casos menos. La disminuci\u00f3n para los casos de Robos con Violencia y Robos con Fuerza, por su parte, fue de -50% (10 casos menos) y -65,6% (63 casos menos), respectivamente.<\/p>\n<p><img loading=\"lazy\" decoding=\"async\" class=\"alignnone size-full wp-image-63069\" src=\"http:\/\/tierramarillano.cl\/wp-content\/uploads\/2020\/11\/PHOTO-2020-11-04-18-41-22.jpg\" sizes=\"auto, (max-width: 1024px) 100vw, 1024px\" srcset=\"http:\/\/tierramarillano.cl\/wp-content\/uploads\/2020\/11\/PHOTO-2020-11-04-18-41-22.jpg 1024w, http:\/\/tierramarillano.cl\/wp-content\/uploads\/2020\/11\/PHOTO-2020-11-04-18-41-22-300x168.jpg 300w, http:\/\/tierramarillano.cl\/wp-content\/uploads\/2020\/11\/PHOTO-2020-11-04-18-41-22-768x431.jpg 768w\" alt=\"\" width=\"1024\" height=\"574\" \/><a href=\"https:\/\/www.radioamigavallenar.cl\/wp-content\/uploads\/2020\/11\/PHOTO-2020-11-04-18-41-22.jpg\"><img loading=\"lazy\" decoding=\"async\" class=\"wp-image-31713 aligncenter\" src=\"https:\/\/www.radioamigavallenar.cl\/wp-content\/uploads\/2020\/11\/PHOTO-2020-11-04-18-41-22-300x168.jpg\" alt=\"\" width=\"683\" height=\"383\" srcset=\"https:\/\/www.radioamigavallenar.cl\/wp-content\/uploads\/2020\/11\/PHOTO-2020-11-04-18-41-22-300x168.jpg 300w, https:\/\/www.radioamigavallenar.cl\/wp-content\/uploads\/2020\/11\/PHOTO-2020-11-04-18-41-22-768x431.jpg 768w, https:\/\/www.radioamigavallenar.cl\/wp-content\/uploads\/2020\/11\/PHOTO-2020-11-04-18-41-22.jpg 1024w\" sizes=\"auto, (max-width: 683px) 100vw, 683px\" \/><\/a><\/p>\n","protected":false},"excerpt":{"rendered":"<p>Los sujetos detenidos por Carabineros desde el 19 de marzo a la fecha tienen antecedentes policiales. El 43% de las detenciones se registra en la&hellip; <\/p>\n","protected":false},"author":2,"featured_media":31712,"comment_status":"open","ping_status":"closed","sticky":false,"template":"","format":"standard","meta":{"footnotes":""},"categories":[38,1,2],"tags":[],"class_list":["post-31711","post","type-post","status-publish","format-standard","has-post-thumbnail","hentry","category-portada-regional","category-provincia-del-huasco-2","category-vallenar"],"_links":{"self":[{"href":"https:\/\/www.radioamigavallenar.cl\/index.php?rest_route=\/wp\/v2\/posts\/31711","targetHints":{"allow":["GET"]}}],"collection":[{"href":"https:\/\/www.radioamigavallenar.cl\/index.php?rest_route=\/wp\/v2\/posts"}],"about":[{"href":"https:\/\/www.radioamigavallenar.cl\/index.php?rest_route=\/wp\/v2\/types\/post"}],"author":[{"embeddable":true,"href":"https:\/\/www.radioamigavallenar.cl\/index.php?rest_route=\/wp\/v2\/users\/2"}],"replies":[{"embeddable":true,"href":"https:\/\/www.radioamigavallenar.cl\/index.php?rest_route=%2Fwp%2Fv2%2Fcomments&post=31711"}],"version-history":[{"count":1,"href":"https:\/\/www.radioamigavallenar.cl\/index.php?rest_route=\/wp\/v2\/posts\/31711\/revisions"}],"predecessor-version":[{"id":31714,"href":"https:\/\/www.radioamigavallenar.cl\/index.php?rest_route=\/wp\/v2\/posts\/31711\/revisions\/31714"}],"wp:featuredmedia":[{"embeddable":true,"href":"https:\/\/www.radioamigavallenar.cl\/index.php?rest_route=\/wp\/v2\/media\/31712"}],"wp:attachment":[{"href":"https:\/\/www.radioamigavallenar.cl\/index.php?rest_route=%2Fwp%2Fv2%2Fmedia&parent=31711"}],"wp:term":[{"taxonomy":"category","embeddable":true,"href":"https:\/\/www.radioamigavallenar.cl\/index.php?rest_route=%2Fwp%2Fv2%2Fcategories&post=31711"},{"taxonomy":"post_tag","embeddable":true,"href":"https:\/\/www.radioamigavallenar.cl\/index.php?rest_route=%2Fwp%2Fv2%2Ftags&post=31711"}],"curies":[{"name":"wp","href":"https:\/\/api.w.org\/{rel}","templated":true}]}}