{"id":31709,"date":"2020-11-05T10:53:06","date_gmt":"2020-11-05T13:53:06","guid":{"rendered":"https:\/\/www.radioamigavallenar.cl\/?p=31709"},"modified":"2020-11-05T10:53:06","modified_gmt":"2020-11-05T13:53:06","slug":"proyecto-que-busca-proteger-glaciares-suspenden-sesion-ante-inminente-visto-bueno-en-la-comision-de-mineria","status":"publish","type":"post","link":"https:\/\/www.radioamigavallenar.cl\/?p=31709","title":{"rendered":"Proyecto que busca proteger glaciares: suspenden sesi\u00f3n ante inminente visto bueno en la Comisi\u00f3n de Miner\u00eda"},"content":{"rendered":"<p>Esta jornada se deb\u00eda votar la iniciativa, pero el presidente de la Comisi\u00f3n de Miner\u00eda y Energ\u00eda del Senado, Rafael Prohens (RN) solicit\u00f3 suspenderla.<\/p>\n<div class=\"single-post-container pt-2\">\n<p>El emblem\u00e1tico proyecto de ley para proteger los glaciares vuelve a estar cuestionado. Este mi\u00e9rcoles la Comisi\u00f3n de Miner\u00eda y Energ\u00eda del Senado pact\u00f3 votarlo, sin embargo, el presidente de esta, Rafael Prohens (RN) inform\u00f3 que la dejaba sin efecto.<\/p>\n<p class=\"paragraph \">La decisi\u00f3n molest\u00f3 a la Senadora Yasna Provoste (DC) quien manifest\u00f3 que \u201cEstando ya en el Congreso nos enteramos q han dejado sin efecto la sesi\u00f3n en la q votar\u00edamos la ley de glaciares. No podemos aceptar m\u00e1s dilaciones del gobierno, por lo que pediremos que en la pr\u00f3xima sesi\u00f3n se despache el proyecto. Urge proteger cuanto antes a nuestros glaciares\u201d.<\/p>\n<p>El proyecto preocupa -y mucho- en el Ejecutivo, que teme que si este avanza, con la redacci\u00f3n actual, podr\u00eda incluso obligar a paralizar importantes faenas mineras que se ubican en zonas cercanas a glaciares.<\/p>\n<p class=\"paragraph \">La industria tambi\u00e9n est\u00e1 alerta y ha acusado que el efecto de esta ley ser\u00eda de en torno a 40 mil empleos que se perder\u00edan.<\/p>\n<p class=\"paragraph \">Seg\u00fan un estudio de la Comisi\u00f3n Chilena del Cobre, restringir\u00eda el funcionamiento de yacimientos que representan hoy el 20% de la producci\u00f3n local de cobre.<\/p>\n<\/div>\n","protected":false},"excerpt":{"rendered":"<p>Esta jornada se deb\u00eda votar la iniciativa, pero el presidente de la Comisi\u00f3n de Miner\u00eda y Energ\u00eda del Senado, Rafael Prohens (RN) solicit\u00f3 suspenderla. El&hellip; <\/p>\n","protected":false},"author":2,"featured_media":27620,"comment_status":"open","ping_status":"closed","sticky":false,"template":"","format":"standard","meta":{"footnotes":""},"categories":[34,37],"tags":[],"class_list":["post-31709","post","type-post","status-publish","format-standard","has-post-thumbnail","hentry","category-mineria","category-nacional"],"_links":{"self":[{"href":"https:\/\/www.radioamigavallenar.cl\/index.php?rest_route=\/wp\/v2\/posts\/31709","targetHints":{"allow":["GET"]}}],"collection":[{"href":"https:\/\/www.radioamigavallenar.cl\/index.php?rest_route=\/wp\/v2\/posts"}],"about":[{"href":"https:\/\/www.radioamigavallenar.cl\/index.php?rest_route=\/wp\/v2\/types\/post"}],"author":[{"embeddable":true,"href":"https:\/\/www.radioamigavallenar.cl\/index.php?rest_route=\/wp\/v2\/users\/2"}],"replies":[{"embeddable":true,"href":"https:\/\/www.radioamigavallenar.cl\/index.php?rest_route=%2Fwp%2Fv2%2Fcomments&post=31709"}],"version-history":[{"count":1,"href":"https:\/\/www.radioamigavallenar.cl\/index.php?rest_route=\/wp\/v2\/posts\/31709\/revisions"}],"predecessor-version":[{"id":31710,"href":"https:\/\/www.radioamigavallenar.cl\/index.php?rest_route=\/wp\/v2\/posts\/31709\/revisions\/31710"}],"wp:featuredmedia":[{"embeddable":true,"href":"https:\/\/www.radioamigavallenar.cl\/index.php?rest_route=\/wp\/v2\/media\/27620"}],"wp:attachment":[{"href":"https:\/\/www.radioamigavallenar.cl\/index.php?rest_route=%2Fwp%2Fv2%2Fmedia&parent=31709"}],"wp:term":[{"taxonomy":"category","embeddable":true,"href":"https:\/\/www.radioamigavallenar.cl\/index.php?rest_route=%2Fwp%2Fv2%2Fcategories&post=31709"},{"taxonomy":"post_tag","embeddable":true,"href":"https:\/\/www.radioamigavallenar.cl\/index.php?rest_route=%2Fwp%2Fv2%2Ftags&post=31709"}],"curies":[{"name":"wp","href":"https:\/\/api.w.org\/{rel}","templated":true}]}}