{"id":31706,"date":"2020-11-05T10:51:45","date_gmt":"2020-11-05T13:51:45","guid":{"rendered":"https:\/\/www.radioamigavallenar.cl\/?p=31706"},"modified":"2020-11-05T10:51:45","modified_gmt":"2020-11-05T13:51:45","slug":"ley-de-proteccion-al-empleo-57-por-ciento-de-empresas-que-se-acogieron-reincorporo-a-su-personal","status":"publish","type":"post","link":"https:\/\/www.radioamigavallenar.cl\/?p=31706","title":{"rendered":"Ley de Protecci\u00f3n al Empleo: 57 por ciento de empresas que se acogieron reincorpor\u00f3 a su personal"},"content":{"rendered":"<p><strong>El Banco Central lo constat\u00f3 al encuestar a cerca de 620 firmas, de las cuales un 40% declar\u00f3 haber utilizado la norma.<\/strong><span id=\"more-224332\"><\/span><\/p>\n<p>&nbsp;<\/p>\n<p><strong>Un 57 por ciento de empresas\u00a0acogidas a la Ley de Protecci\u00f3n al Empleo\u00a0dijo haber reincorporado a sus funciones a los trabajadores suspendidos<\/strong>, y bajo las mismas condiciones de antes, de acuerdo al Informe de Percepci\u00f3n de Negocios de noviembre del Banco Central.<\/p>\n<p>La instituci\u00f3n lo constat\u00f3 al<strong>\u00a0aplicar una encuesta a alrededor de 620 firmas<\/strong>, seg\u00fan public\u00f3\u00a0<em>El Mercurio<\/em>, entre las cuales un 40 por ciento declar\u00f3 haber utilizado la norma, impulsada por el Gobierno en marzo para evitar despidos masivos de trabajadores producto de la pandemia.<\/p>\n<p>A la fecha,\u00a0<strong>la Superintendencia de Pensiones cifra en m\u00e1s de 700 mil los trabajadores que mantienen suspendido su contrato<\/strong>\u00a0y recibiendo sus remuneraciones mediante el Seguro de Cesant\u00eda, como lo consigna la ley.<\/p>\n<p>Sobre su\u00a0<strong>inter\u00e9s en el\u00a0subsidio al empleo<\/strong>, presentado hace un mes por el Gobierno,\u00a0<strong>m\u00e1s de un tercio de las empresas elegibles para postular est\u00e1 dispuesta a hacerlo<\/strong>, mientras que cerca de la mitad de las firmas que no lo solicitar\u00e1n, lo justifican se\u00f1alando que no necesitan aumentar sus dotaciones.<\/p>\n<p>Sobre el funcionamiento actual de las empresas,\u00a0<strong>en octubre en general estuvieron lejos de recuperar niveles prepandemia<\/strong>, con m\u00e1s de un 60 por ciento manifestando que el desempe\u00f1o fue peor que el de marzo. Sin embargo, hay una mejora relativa al comparar la actividad del mes pasado con septiembre, pues \u00absi bien casi 40 por ciento de quienes responden siguen declarando un deterioro en ese lapso, alrededor de 60 por ciento sostiene un desempe\u00f1o mejor o similar\u00bb.<\/p>\n<p>El estudio tambi\u00e9n da cuenta de que algunos sectores y regiones han logrado equiparar o superar niveles prepandemia -la miner\u00eda en el norte; el comercio en la zona centro; el rubro agr\u00edcola y ganadero en el sur-, mientras otros proyectan que\u00a0<strong>retornar a esos n\u00fameros requiere de un plazo entre dos y tres a\u00f1os<\/strong>, sobre todo en rubros como\u00a0la gastronom\u00eda\u00a0y\u00a0el turismo.<\/p>\n","protected":false},"excerpt":{"rendered":"<p>El Banco Central lo constat\u00f3 al encuestar a cerca de 620 firmas, de las cuales un 40% declar\u00f3 haber utilizado la norma. &nbsp; Un 57&hellip; <\/p>\n","protected":false},"author":2,"featured_media":31707,"comment_status":"open","ping_status":"closed","sticky":false,"template":"","format":"standard","meta":{"footnotes":""},"categories":[37],"tags":[],"class_list":["post-31706","post","type-post","status-publish","format-standard","has-post-thumbnail","hentry","category-nacional"],"_links":{"self":[{"href":"https:\/\/www.radioamigavallenar.cl\/index.php?rest_route=\/wp\/v2\/posts\/31706","targetHints":{"allow":["GET"]}}],"collection":[{"href":"https:\/\/www.radioamigavallenar.cl\/index.php?rest_route=\/wp\/v2\/posts"}],"about":[{"href":"https:\/\/www.radioamigavallenar.cl\/index.php?rest_route=\/wp\/v2\/types\/post"}],"author":[{"embeddable":true,"href":"https:\/\/www.radioamigavallenar.cl\/index.php?rest_route=\/wp\/v2\/users\/2"}],"replies":[{"embeddable":true,"href":"https:\/\/www.radioamigavallenar.cl\/index.php?rest_route=%2Fwp%2Fv2%2Fcomments&post=31706"}],"version-history":[{"count":1,"href":"https:\/\/www.radioamigavallenar.cl\/index.php?rest_route=\/wp\/v2\/posts\/31706\/revisions"}],"predecessor-version":[{"id":31708,"href":"https:\/\/www.radioamigavallenar.cl\/index.php?rest_route=\/wp\/v2\/posts\/31706\/revisions\/31708"}],"wp:featuredmedia":[{"embeddable":true,"href":"https:\/\/www.radioamigavallenar.cl\/index.php?rest_route=\/wp\/v2\/media\/31707"}],"wp:attachment":[{"href":"https:\/\/www.radioamigavallenar.cl\/index.php?rest_route=%2Fwp%2Fv2%2Fmedia&parent=31706"}],"wp:term":[{"taxonomy":"category","embeddable":true,"href":"https:\/\/www.radioamigavallenar.cl\/index.php?rest_route=%2Fwp%2Fv2%2Fcategories&post=31706"},{"taxonomy":"post_tag","embeddable":true,"href":"https:\/\/www.radioamigavallenar.cl\/index.php?rest_route=%2Fwp%2Fv2%2Ftags&post=31706"}],"curies":[{"name":"wp","href":"https:\/\/api.w.org\/{rel}","templated":true}]}}