{"id":31703,"date":"2020-11-05T10:50:16","date_gmt":"2020-11-05T13:50:16","guid":{"rendered":"https:\/\/www.radioamigavallenar.cl\/?p=31703"},"modified":"2020-11-05T10:50:16","modified_gmt":"2020-11-05T13:50:16","slug":"entregan-kits-sanitarios-a-emprendedores-en-apoyo-a-reactivacion-economica-de-atacama","status":"publish","type":"post","link":"https:\/\/www.radioamigavallenar.cl\/?p=31703","title":{"rendered":"Entregan kits sanitarios a emprendedores en apoyo a reactivaci\u00f3n econ\u00f3mica de Atacama"},"content":{"rendered":"<p><strong>Son 50 beneficiados en toda la regi\u00f3n, quienes podr\u00e1n seguir implementando las medidas de seguridad e higiene para atender de mejor manera a sus clientes<\/strong><span id=\"more-224350\"><\/span><\/p>\n<p>&nbsp;<\/p>\n<p>El Intendente de Atacama, Patricio Urquieta Garcia, junto al Seremi de Econom\u00eda, Manuel Nanjar\u00ed Contreras, hicieron entrega de kits sanitarios a emprendedores de la regi\u00f3n, esto debido a que, a partir de este jueves 5 de noviembre, la regi\u00f3n de Atacama con sus 9 comunas se encontrar\u00e1 en Fase 3 del plan \u201cPaso a Paso\u201d del Gobierno del Presidente Sebasti\u00e1n Pi\u00f1era.<\/p>\n<p>\u201cEstoy muy agradecida y muy bueno el kit que me regalaron y as\u00ed es un apoyo para volver a reactivar mi trabajo que estuvo cerrado tanto tiempo y muchas gracias por la gesti\u00f3n por parte de las autoridades\u201d, indic\u00f3 la due\u00f1a de una de las peluquer\u00edas al interior del Edificio Plaza Real, Maritza Sutherland.<\/p>\n<p>En ese mismo sentido, Patricio Urquieta Garc\u00eda, Intendente de Atacama, declar\u00f3 que: \u201cHoy tenemos una gesti\u00f3n que busca darle seguridad a los clientes de los comercios, restaurantes y caf\u00e9s, entregando un kit sanitario, aquellos emprendedores que han estado con problemas, es por eso que, se ha seleccionado a 50 pymes para seguir los protocolos sanitarios y atender a la gente. Esto significa, los emprendedores que atienden a p\u00fablico podr\u00e1n abrir sus negocios, y activar los empleos que se han perdido en esta pandemia. Estamos trabajando en conjunto con los emprendedores, y decirle a la comunidad que se est\u00e1n haciendo todos los esfuerzos para que el servicio se haga de manera segura, previniendo contagios y al servicio de la comunidad\u201d.<\/p>\n<p>Recordemos que, durante la fase 3 del Plan: \u201cPaso a Paso\u201d, es parte de la \u00a0estrategia gradual para enfrentar la pandemia del nuevo\u00a0coronavirus COVID-19\u00a0en nuestro pa\u00eds. Lo anterior, significa que est\u00e1 permitido que todos, incluidos los mayores de 75 a\u00f1os, pueden salir, pero no ir a lugares en cuarentena. Puedes ir a trabajar si es que trabajas en un lugar que no est\u00e9 en cuarentena, a no ser que sea servicio esencial, y tengas un permiso de desplazamiento colectivo o un permiso \u00fanico colectivo. Participar en\u00a0eventos, reuniones sociales y recreativas\u00a0de m\u00e1ximo 25 personas en espacios cerrados y 50 en espacios abiertos, menos en horario de toque de queda y, realizar\u00a0actividad deportiva\u00a0y participar en deportes colectivos con m\u00e1ximo 5 personas en lugares cerrados (excepto gimnasios de acceso p\u00fablico) y 25 en lugares abiertos. Sin p\u00fablico.<\/p>\n<p>Adem\u00e1s, pueden funcionar farmacias, supermercados y otros lugares de abastecimiento de alimentos y productos b\u00e1sicos, centros de salud y establecimientos de servicio p\u00fablico. De igual manera, el comercio y otras actividades no esenciales que puedan funcionar con trabajadores que vivan en una comuna sin cuarentena. Y, en el caso de atenci\u00f3n de p\u00fablico en restaurantes, caf\u00e9s y lugares an\u00e1logos solo en espacios abiertos y con una distancia m\u00ednima de 2 metros entre mesas o 25% de capacidad.<\/p>\n<p>\u201cDesde nuestro gobierno tenemos un enorme compromiso con todos los emprendedores de la regi\u00f3n y con reactivar los diferentes rubros de la econom\u00eda. Es por eso que, junto al Intendente de Atacama, Patricio Urquieta Garc\u00eda, estamos visitando a las pymes, para ir apoy\u00e1ndolos e ir entregando un kit sanitario para atender de forma segura. Y, desde ma\u00f1ana pasaremos a la Fase 3, lo que permitir\u00e1 al sector gastron\u00f3mico poder comenzar a operar, ya que sabemos que han sido tiempos dif\u00edciles, pero pueden contar con la mano amiga de nuestro gobierno, para salir adelante y reactivar la econom\u00eda regional que tanto lo requiere, la gente de Atacama. Y, adem\u00e1s de eso, seguimos trabajando en mantener los proyectos de inversi\u00f3n vigentes, con el objetivo de tener nuevas oportunidades laborales para la regi\u00f3n\u201d, inform\u00f3 el Seremi de Econom\u00eda, Fomento y Turismo, Manuel Nanjar\u00ed Contreras.<\/p>\n<p>Por \u00faltimo, Margaret Tarife\u00f1a, due\u00f1a de un restaurant c\u00e9ntrico de Copiap\u00f3, declar\u00f3 que: \u201cfelices que nos consideren como empresa, sobre todo, por lo que ha pasado y la baja de la econom\u00eda. Y, esto va a fortalecer mucho a poder atender a la comunidad, ya que nos permitir\u00e1 implementar los protocolos del covid-19, como control de temperatura y sanitizaci\u00f3n de ambiente\u201d, declar\u00f3 y agreg\u00f3 que: \u201ces un apoyo muy grande para nosotros e implica un ahorro como empresa, y adem\u00e1s muy contenta que desde marzo que no podemos atender a clientes, y ya con la Fase 3, podemos reactivarnos\u201d.<\/p>\n","protected":false},"excerpt":{"rendered":"<p>Son 50 beneficiados en toda la regi\u00f3n, quienes podr\u00e1n seguir implementando las medidas de seguridad e higiene para atender de mejor manera a sus clientes&hellip; <\/p>\n","protected":false},"author":2,"featured_media":31704,"comment_status":"open","ping_status":"closed","sticky":false,"template":"","format":"standard","meta":{"footnotes":""},"categories":[38],"tags":[],"class_list":["post-31703","post","type-post","status-publish","format-standard","has-post-thumbnail","hentry","category-portada-regional"],"_links":{"self":[{"href":"https:\/\/www.radioamigavallenar.cl\/index.php?rest_route=\/wp\/v2\/posts\/31703","targetHints":{"allow":["GET"]}}],"collection":[{"href":"https:\/\/www.radioamigavallenar.cl\/index.php?rest_route=\/wp\/v2\/posts"}],"about":[{"href":"https:\/\/www.radioamigavallenar.cl\/index.php?rest_route=\/wp\/v2\/types\/post"}],"author":[{"embeddable":true,"href":"https:\/\/www.radioamigavallenar.cl\/index.php?rest_route=\/wp\/v2\/users\/2"}],"replies":[{"embeddable":true,"href":"https:\/\/www.radioamigavallenar.cl\/index.php?rest_route=%2Fwp%2Fv2%2Fcomments&post=31703"}],"version-history":[{"count":1,"href":"https:\/\/www.radioamigavallenar.cl\/index.php?rest_route=\/wp\/v2\/posts\/31703\/revisions"}],"predecessor-version":[{"id":31705,"href":"https:\/\/www.radioamigavallenar.cl\/index.php?rest_route=\/wp\/v2\/posts\/31703\/revisions\/31705"}],"wp:featuredmedia":[{"embeddable":true,"href":"https:\/\/www.radioamigavallenar.cl\/index.php?rest_route=\/wp\/v2\/media\/31704"}],"wp:attachment":[{"href":"https:\/\/www.radioamigavallenar.cl\/index.php?rest_route=%2Fwp%2Fv2%2Fmedia&parent=31703"}],"wp:term":[{"taxonomy":"category","embeddable":true,"href":"https:\/\/www.radioamigavallenar.cl\/index.php?rest_route=%2Fwp%2Fv2%2Fcategories&post=31703"},{"taxonomy":"post_tag","embeddable":true,"href":"https:\/\/www.radioamigavallenar.cl\/index.php?rest_route=%2Fwp%2Fv2%2Ftags&post=31703"}],"curies":[{"name":"wp","href":"https:\/\/api.w.org\/{rel}","templated":true}]}}