{"id":31700,"date":"2020-11-05T06:00:20","date_gmt":"2020-11-05T09:00:20","guid":{"rendered":"https:\/\/www.radioamigavallenar.cl\/?p=31700"},"modified":"2020-11-04T21:37:45","modified_gmt":"2020-11-05T00:37:45","slug":"gobernadora-nelly-galeb-destaco-el-trabajo-desplegado-para-concretar-la-tercera-entrega-del-plan-alimentos-para-chile","status":"publish","type":"post","link":"https:\/\/www.radioamigavallenar.cl\/?p=31700","title":{"rendered":"Gobernadora Nelly Galeb destac\u00f3 el trabajo desplegado para concretar la tercera entrega del plan \u201cAlimentos para Chile\u201d"},"content":{"rendered":"<p>\u201cSin duda, una satisfacci\u00f3n enorme es la que se percibe al concretar una nueva ayuda a aquellas familias que m\u00e1s lo necesitan, familias vulnerables y todos aquellos que hoy enfrentan los efectos de la Pandemia\u201d,\u00a0 destac\u00f3 la Gobernadora del Huasco, Nelly Galeb al concluir esta semana, la tercera entrega del programa Alimentos para Chile, en la provincia del Huasco.<\/p>\n<p>Con la ayuda de mucha gente se ha podido materializar la entrega de alrededor de 16 mil nuevas cajas las que se han distribuido en las comunas de Huasco, Vallenar, Freirina y Alto del Carmen.<\/p>\n<p>En la oportunidad la Gobernadora destac\u00f3 la disposici\u00f3n de los municipios de la Provincia\u00a0 quienes con el apoyo del Consejo Regional decidieron destinar recursos que habitualmente son destinados para la ejecuci\u00f3n de obras y proyectos en las respectivas comunas y orientarlos para la adquisici\u00f3n de una nueva entrega de cajas de alimentos y que constituyen\u00a0 una ayuda para todas aquellas familias que no lo est\u00e1n pasando bien y que han recibido un fuerte impacto\u00a0 en lo econ\u00f3mico producto de la Pandemia.<\/p>\n<p>La Gobernadora destac\u00f3 \u00a0el trabajo desarrollado por el Gobierno Regional, el apoyo del CORE y la disposici\u00f3n de los respectivos Municipios\u00a0 para permitir la asignaci\u00f3n de estos recursos y destinarlos para ala adquisici\u00f3n de nuevas ayudas.<\/p>\n<p>De igual manera agradeci\u00f3 el compromiso y el trabajo desplegado por los funcionarios p\u00fablicos, los funcionarios municipales y del Ej\u00e9rcito.<\/p>\n","protected":false},"excerpt":{"rendered":"<p>\u201cSin duda, una satisfacci\u00f3n enorme es la que se percibe al concretar una nueva ayuda a aquellas familias que m\u00e1s lo necesitan, familias vulnerables y&hellip; <\/p>\n","protected":false},"author":2,"featured_media":31701,"comment_status":"open","ping_status":"closed","sticky":false,"template":"","format":"standard","meta":{"footnotes":""},"categories":[5,7,1,2],"tags":[],"class_list":["post-31700","post","type-post","status-publish","format-standard","has-post-thumbnail","hentry","category-alto-del-carmen","category-atacama","category-provincia-del-huasco-2","category-vallenar"],"_links":{"self":[{"href":"https:\/\/www.radioamigavallenar.cl\/index.php?rest_route=\/wp\/v2\/posts\/31700","targetHints":{"allow":["GET"]}}],"collection":[{"href":"https:\/\/www.radioamigavallenar.cl\/index.php?rest_route=\/wp\/v2\/posts"}],"about":[{"href":"https:\/\/www.radioamigavallenar.cl\/index.php?rest_route=\/wp\/v2\/types\/post"}],"author":[{"embeddable":true,"href":"https:\/\/www.radioamigavallenar.cl\/index.php?rest_route=\/wp\/v2\/users\/2"}],"replies":[{"embeddable":true,"href":"https:\/\/www.radioamigavallenar.cl\/index.php?rest_route=%2Fwp%2Fv2%2Fcomments&post=31700"}],"version-history":[{"count":1,"href":"https:\/\/www.radioamigavallenar.cl\/index.php?rest_route=\/wp\/v2\/posts\/31700\/revisions"}],"predecessor-version":[{"id":31702,"href":"https:\/\/www.radioamigavallenar.cl\/index.php?rest_route=\/wp\/v2\/posts\/31700\/revisions\/31702"}],"wp:featuredmedia":[{"embeddable":true,"href":"https:\/\/www.radioamigavallenar.cl\/index.php?rest_route=\/wp\/v2\/media\/31701"}],"wp:attachment":[{"href":"https:\/\/www.radioamigavallenar.cl\/index.php?rest_route=%2Fwp%2Fv2%2Fmedia&parent=31700"}],"wp:term":[{"taxonomy":"category","embeddable":true,"href":"https:\/\/www.radioamigavallenar.cl\/index.php?rest_route=%2Fwp%2Fv2%2Fcategories&post=31700"},{"taxonomy":"post_tag","embeddable":true,"href":"https:\/\/www.radioamigavallenar.cl\/index.php?rest_route=%2Fwp%2Fv2%2Ftags&post=31700"}],"curies":[{"name":"wp","href":"https:\/\/api.w.org\/{rel}","templated":true}]}}