{"id":31697,"date":"2020-11-05T06:00:02","date_gmt":"2020-11-05T09:00:02","guid":{"rendered":"https:\/\/www.radioamigavallenar.cl\/?p=31697"},"modified":"2020-11-04T21:34:14","modified_gmt":"2020-11-05T00:34:14","slug":"empresario-carlos-cardoen-gana-disputa-ligada-a-patente-de-capsula-fenix-le-pedian-20-mil-millones","status":"publish","type":"post","link":"https:\/\/www.radioamigavallenar.cl\/?p=31697","title":{"rendered":"Empresario Carlos Cardoen gana disputa ligada a patente de C\u00e1psula F\u00e9nix: le ped\u00edan $20 mil millones"},"content":{"rendered":"<p>El empresario\u00a0<strong>Carlos Cardoen<\/strong>\u00a0gan\u00f3 una disputa judicial ligada a la\u00a0<strong>C\u00e1psula F\u00e9nix<\/strong>, usada en 2010 para el rescate de los 33 mineros que quedaron atrapados en la mina San Jos\u00e9.<\/p>\n<p>Otro empresario, Jorge Reveco -ingeniero creador del cilindro- interpuso hace dos a\u00f1os una demanda contra Cardoen alegando la patente, ya que este tiene una r\u00e9plica exhibida en el\u00a0<strong>Museo Colchagua<\/strong>, que es de su propiedad.<\/p>\n<p>Por ello, seg\u00fan indic\u00f3 diario El Mercurio, solicitaba una indemnizaci\u00f3n de\u00a0<strong>$20 mil millones<\/strong>, argumentando que la exhibici\u00f3n no estaba regulada.<\/p>\n<p>En los \u00faltimos d\u00edas, la S\u00e9ptima Sala de la Corte de Apelaciones de Santiago resolvi\u00f3 el conflicto, que fue favorable para el colhaguino.<\/p>\n<p>En el fallo se determin\u00f3 que la c\u00e1psula que posee Cardoen en su museo\u00a0<strong>es un prototipo y no es la patentanda por el ingeniero<\/strong>\u00a0ante el Instituto Nacional de Propiedad Industrial (Inapi).<\/p>\n<p>Conforme al citado medio, la resoluci\u00f3n agreg\u00f3 que \u201c(\u2026) a\u00fan si hubiese estado patentada, esta fue adquirida a uno de los fabricantes autorizados para su confecci\u00f3n, por lo que bajo el supuesto del demandante, la fundaci\u00f3n (Carlos Cardoen) realizaba una actividad l\u00edcita\u201d.<\/p>\n","protected":false},"excerpt":{"rendered":"<p>El empresario\u00a0Carlos Cardoen\u00a0gan\u00f3 una disputa judicial ligada a la\u00a0C\u00e1psula F\u00e9nix, usada en 2010 para el rescate de los 33 mineros que quedaron atrapados en la&hellip; <\/p>\n","protected":false},"author":2,"featured_media":31698,"comment_status":"open","ping_status":"closed","sticky":false,"template":"","format":"standard","meta":{"footnotes":""},"categories":[7,34,37],"tags":[],"class_list":["post-31697","post","type-post","status-publish","format-standard","has-post-thumbnail","hentry","category-atacama","category-mineria","category-nacional"],"_links":{"self":[{"href":"https:\/\/www.radioamigavallenar.cl\/index.php?rest_route=\/wp\/v2\/posts\/31697","targetHints":{"allow":["GET"]}}],"collection":[{"href":"https:\/\/www.radioamigavallenar.cl\/index.php?rest_route=\/wp\/v2\/posts"}],"about":[{"href":"https:\/\/www.radioamigavallenar.cl\/index.php?rest_route=\/wp\/v2\/types\/post"}],"author":[{"embeddable":true,"href":"https:\/\/www.radioamigavallenar.cl\/index.php?rest_route=\/wp\/v2\/users\/2"}],"replies":[{"embeddable":true,"href":"https:\/\/www.radioamigavallenar.cl\/index.php?rest_route=%2Fwp%2Fv2%2Fcomments&post=31697"}],"version-history":[{"count":1,"href":"https:\/\/www.radioamigavallenar.cl\/index.php?rest_route=\/wp\/v2\/posts\/31697\/revisions"}],"predecessor-version":[{"id":31699,"href":"https:\/\/www.radioamigavallenar.cl\/index.php?rest_route=\/wp\/v2\/posts\/31697\/revisions\/31699"}],"wp:featuredmedia":[{"embeddable":true,"href":"https:\/\/www.radioamigavallenar.cl\/index.php?rest_route=\/wp\/v2\/media\/31698"}],"wp:attachment":[{"href":"https:\/\/www.radioamigavallenar.cl\/index.php?rest_route=%2Fwp%2Fv2%2Fmedia&parent=31697"}],"wp:term":[{"taxonomy":"category","embeddable":true,"href":"https:\/\/www.radioamigavallenar.cl\/index.php?rest_route=%2Fwp%2Fv2%2Fcategories&post=31697"},{"taxonomy":"post_tag","embeddable":true,"href":"https:\/\/www.radioamigavallenar.cl\/index.php?rest_route=%2Fwp%2Fv2%2Ftags&post=31697"}],"curies":[{"name":"wp","href":"https:\/\/api.w.org\/{rel}","templated":true}]}}