{"id":31695,"date":"2020-11-05T06:00:33","date_gmt":"2020-11-05T09:00:33","guid":{"rendered":"https:\/\/www.radioamigavallenar.cl\/?p=31695"},"modified":"2020-11-04T21:30:59","modified_gmt":"2020-11-05T00:30:59","slug":"aprueban-declarar-santuario-de-la-naturaleza-el-humedal-costero-de-totoral","status":"publish","type":"post","link":"https:\/\/www.radioamigavallenar.cl\/?p=31695","title":{"rendered":"Aprueban declarar Santuario de la Naturaleza el Humedal Costero de Totoral."},"content":{"rendered":"<h4>La decisi\u00f3n fue tomada por el Consejo de Ministros para la Sustentabilidad que permitir\u00e1 proteger uno de los escasos humedales costeros del norte y en uno de los desiertos m\u00e1s \u00e1ridos del mundo<span id=\"more-224247\"><\/span><\/h4>\n<p>&nbsp;<\/p>\n<p>El Consejo de Ministros para la Sustentabilidad, presidido por el Ministra del Medio Ambiente, Carolina Schmidt, aprob\u00f3 hoy la creaci\u00f3n del Santuario de la Naturaleza Humedal costero de Totoral, en la Regi\u00f3n de Atacama. La medida forma parte del Plan Regional de Atacama, y del Plan Nacional de Protecci\u00f3n de Humedales 2018-2022.<\/p>\n<p>\u201cEste ecosistema alberga una biodiversidad de especies de gran relevancia y representa parte del patrimonio cultural debido a la presencia de sitios arqueol\u00f3gicos, as\u00ed como\u00a0 el desarrollo de pr\u00e1cticas tradicionales y la\u00a0 posibilidad de educar ambientalmente a las comunidades locales, lo que hace que su conservaci\u00f3n y gesti\u00f3n a largo plazo sea clave, actividad que se realizar\u00e1 con el apoyo de los vecinos y organizaciones presentes en la zona para asegurar su protecci\u00f3n\u201d afirm\u00f3 la Ministra de Medio Ambiente, Carolina Schmidt.<\/p>\n<p>El \u00e1rea asociada al humedal y sus alrededores, alberga un importante n\u00famero de especies de flora, adem\u00e1s de proporcionar una gran diversidad de alimento, refugio y descanso para la fauna que habita el lugar. Incluso en los sectores de quebradas interiores, se han registrado zonas de transici\u00f3n para mam\u00edferos, como el zorro, puma y el guanaco, y una avifauna particular en comparaci\u00f3n a las otras unidades de paisaje.<\/p>\n<p>El Humedal Costero de Totoral se ubica en pleno desierto de Atacama, a 89 kil\u00f3metros aproximadamente al sur de Copiap\u00f3. Es uno de los escasos humedales costeros del norte de Chile, y comprende una superficie aproximada de 368,7 hect\u00e1reas, con especies de aves que est\u00e1n en lo m\u00e1s al norte de su distribuci\u00f3n. Este humedal se conecta con la quebrada de Totoral, la cual alberga distintas especies asociadas al fen\u00f3meno del Desierto Florido.<\/p>\n<p>La solicitud de su declaraci\u00f3n fue presentada por la Comunidad Agr\u00edcola de Totoral y cont\u00f3 con el apoyo de la junta de vecinos, organizaciones y servicios p\u00fablicos, para la protecci\u00f3n de la alta biodiversidad presente en el \u00e1rea, de las numerosas especies bajo amenaza y como una zona de alto potencial de desarrollo tur\u00edstico para la comunidad de Totoral.<\/p>\n<p>En cuanto a la flora presente en el \u00e1rea, se determin\u00f3 una riqueza flor\u00edstica de 112 especies, con un 40% de endemismo, con especies propias de Desierto Florido y cact\u00e1ceas.<\/p>\n<p>Durante las campa\u00f1as del a\u00f1o 2019 se detect\u00f3 un total de 72 especies de fauna vertebrada, entre ellas 58 especies de aves, 3 especies de reptiles, 11 especies de mam\u00edferos y no se detectaron anfibios, lo que corresponde a 47% de las especies potenciales.<\/p>\n<p>Los principales objetos de conservaci\u00f3n del Santuario de la Naturaleza son avifauna, flora del desierto florido, red h\u00eddrica, paisaje y patrimonio arqueol\u00f3gico.<\/p>\n<p>Por su parte, el Seremi del Medio Ambiente, Guillermo Ready, destac\u00f3 que \u201clos humedales en la Regi\u00f3n de Atacama est\u00e1n situados en el desierto m\u00e1s \u00e1rido del mundo, constituyendo ecosistemas indispensables por los beneficios o \u2018servicios ecosist\u00e9micos\u2019 que brindan a la humanidad y a la comunidad de estos sectores, desde la provisi\u00f3n de alimentos, conservaci\u00f3n de la biodiversidad, hasta el control de crecidas, recarga de aguas subterr\u00e1neas y mitigaci\u00f3n de los efectos del cambio clim\u00e1tico\u201d.<\/p>\n<p>El Seremi Ready agreg\u00f3 que \u201cson ecosistemas altamente vulnerables, particularmente frente a las pr\u00e1cticas no sustentables y el cambio clim\u00e1tico. Los humedales costeros, se encuentran en una condici\u00f3n cr\u00edtica; hay una disminuci\u00f3n del recurso h\u00eddrico, detect\u00e1ndose p\u00e9rdida o disminuci\u00f3n de la poblaci\u00f3n de especies nativas, por lo que es imprescindible protegerlos\u201d.<\/p>\n","protected":false},"excerpt":{"rendered":"<p>La decisi\u00f3n fue tomada por el Consejo de Ministros para la Sustentabilidad que permitir\u00e1 proteger uno de los escasos humedales costeros del norte y en&hellip; <\/p>\n","protected":false},"author":2,"featured_media":20333,"comment_status":"open","ping_status":"closed","sticky":false,"template":"","format":"standard","meta":{"footnotes":""},"categories":[7],"tags":[],"class_list":["post-31695","post","type-post","status-publish","format-standard","has-post-thumbnail","hentry","category-atacama"],"_links":{"self":[{"href":"https:\/\/www.radioamigavallenar.cl\/index.php?rest_route=\/wp\/v2\/posts\/31695","targetHints":{"allow":["GET"]}}],"collection":[{"href":"https:\/\/www.radioamigavallenar.cl\/index.php?rest_route=\/wp\/v2\/posts"}],"about":[{"href":"https:\/\/www.radioamigavallenar.cl\/index.php?rest_route=\/wp\/v2\/types\/post"}],"author":[{"embeddable":true,"href":"https:\/\/www.radioamigavallenar.cl\/index.php?rest_route=\/wp\/v2\/users\/2"}],"replies":[{"embeddable":true,"href":"https:\/\/www.radioamigavallenar.cl\/index.php?rest_route=%2Fwp%2Fv2%2Fcomments&post=31695"}],"version-history":[{"count":1,"href":"https:\/\/www.radioamigavallenar.cl\/index.php?rest_route=\/wp\/v2\/posts\/31695\/revisions"}],"predecessor-version":[{"id":31696,"href":"https:\/\/www.radioamigavallenar.cl\/index.php?rest_route=\/wp\/v2\/posts\/31695\/revisions\/31696"}],"wp:featuredmedia":[{"embeddable":true,"href":"https:\/\/www.radioamigavallenar.cl\/index.php?rest_route=\/wp\/v2\/media\/20333"}],"wp:attachment":[{"href":"https:\/\/www.radioamigavallenar.cl\/index.php?rest_route=%2Fwp%2Fv2%2Fmedia&parent=31695"}],"wp:term":[{"taxonomy":"category","embeddable":true,"href":"https:\/\/www.radioamigavallenar.cl\/index.php?rest_route=%2Fwp%2Fv2%2Fcategories&post=31695"},{"taxonomy":"post_tag","embeddable":true,"href":"https:\/\/www.radioamigavallenar.cl\/index.php?rest_route=%2Fwp%2Fv2%2Ftags&post=31695"}],"curies":[{"name":"wp","href":"https:\/\/api.w.org\/{rel}","templated":true}]}}