{"id":31692,"date":"2020-11-05T06:00:32","date_gmt":"2020-11-05T09:00:32","guid":{"rendered":"https:\/\/www.radioamigavallenar.cl\/?p=31692"},"modified":"2020-11-04T21:29:30","modified_gmt":"2020-11-05T00:29:30","slug":"ministerio-de-economia-invita-a-pymes-a-participar-de-webinar-atrevete-digital-en-linea","status":"publish","type":"post","link":"https:\/\/www.radioamigavallenar.cl\/?p=31692","title":{"rendered":"Ministerio de Econom\u00eda invita a pymes a participar de WEBINAR \u201cATR\u00c9VETE DIGITAL EN L\u00cdNEA\u201d"},"content":{"rendered":"<p><strong>La actividad ser\u00e1 este viernes 6 de noviembre desde las 10:30 horas.<\/strong><span id=\"more-224234\"><\/span><\/p>\n<p>&nbsp;<\/p>\n<p>El ministerio de Econom\u00eda este viernes 06 de noviembre\u00a0 desde las 10:30 a 12:30 horas, realizar\u00e1 el 13\u00b0 Webinar \u201cAtr\u00e9vete Digital\u201d, el que contar\u00e1 con la participaci\u00f3n de dos destacados invitados, que entregar\u00e1n herramientas digitales para que las pymes puedan seguir perfeccion\u00e1ndose en el mundo digital.<\/p>\n<p>El primer Webinar es a las 10:30 Hrs. Con un panel de conversaci\u00f3n acerca de <strong>\u00abSOLUCIONES DIGITALES PARA RECONVERTIRSE<\/strong>\u00ab, taller enfocado c\u00f3mo la digitalizaci\u00f3n aparece como una alternativa para reinventarse o adaptarse a los cambios. \u00bfC\u00f3mo iniciar una transformaci\u00f3n tecnol\u00f3gica? Hoy existen herramientas simples, \u00fatiles y a bajo costo que pueden contribuir a una gesti\u00f3n diaria m\u00e1s eficiente y en l\u00ednea con las nuevas exigencias de los consumidores.<\/p>\n<p>Luego, a partir de las 11:30 Hrs, continua con una charla enfocada en\u00a0<strong>\u00bfHAY LUZ AL FINAL DEL T\u00daNEL?,<\/strong>\u00a0el que\u00a0 invita a brindar una mirada de optimismo y en el c\u00f3mo la digitalizaci\u00f3n de las empresas nos ha permitido tomar un respiro en la l\u00ednea de repensar o reemprender en los negocios, colocando \u00e9nfasis en el c\u00f3mo seguir satisfaciendo a nuestros clientes y a la vez llegar a nuevos clientes por medio de una marca personal y la utilizaci\u00f3n efectiva de las redes sociales.<\/p>\n","protected":false},"excerpt":{"rendered":"<p>La actividad ser\u00e1 este viernes 6 de noviembre desde las 10:30 horas. &nbsp; El ministerio de Econom\u00eda este viernes 06 de noviembre\u00a0 desde las 10:30&hellip; <\/p>\n","protected":false},"author":2,"featured_media":31693,"comment_status":"open","ping_status":"closed","sticky":false,"template":"","format":"standard","meta":{"footnotes":""},"categories":[7],"tags":[],"class_list":["post-31692","post","type-post","status-publish","format-standard","has-post-thumbnail","hentry","category-atacama"],"_links":{"self":[{"href":"https:\/\/www.radioamigavallenar.cl\/index.php?rest_route=\/wp\/v2\/posts\/31692","targetHints":{"allow":["GET"]}}],"collection":[{"href":"https:\/\/www.radioamigavallenar.cl\/index.php?rest_route=\/wp\/v2\/posts"}],"about":[{"href":"https:\/\/www.radioamigavallenar.cl\/index.php?rest_route=\/wp\/v2\/types\/post"}],"author":[{"embeddable":true,"href":"https:\/\/www.radioamigavallenar.cl\/index.php?rest_route=\/wp\/v2\/users\/2"}],"replies":[{"embeddable":true,"href":"https:\/\/www.radioamigavallenar.cl\/index.php?rest_route=%2Fwp%2Fv2%2Fcomments&post=31692"}],"version-history":[{"count":1,"href":"https:\/\/www.radioamigavallenar.cl\/index.php?rest_route=\/wp\/v2\/posts\/31692\/revisions"}],"predecessor-version":[{"id":31694,"href":"https:\/\/www.radioamigavallenar.cl\/index.php?rest_route=\/wp\/v2\/posts\/31692\/revisions\/31694"}],"wp:featuredmedia":[{"embeddable":true,"href":"https:\/\/www.radioamigavallenar.cl\/index.php?rest_route=\/wp\/v2\/media\/31693"}],"wp:attachment":[{"href":"https:\/\/www.radioamigavallenar.cl\/index.php?rest_route=%2Fwp%2Fv2%2Fmedia&parent=31692"}],"wp:term":[{"taxonomy":"category","embeddable":true,"href":"https:\/\/www.radioamigavallenar.cl\/index.php?rest_route=%2Fwp%2Fv2%2Fcategories&post=31692"},{"taxonomy":"post_tag","embeddable":true,"href":"https:\/\/www.radioamigavallenar.cl\/index.php?rest_route=%2Fwp%2Fv2%2Ftags&post=31692"}],"curies":[{"name":"wp","href":"https:\/\/api.w.org\/{rel}","templated":true}]}}