{"id":31689,"date":"2020-11-05T06:00:14","date_gmt":"2020-11-05T09:00:14","guid":{"rendered":"https:\/\/www.radioamigavallenar.cl\/?p=31689"},"modified":"2020-11-04T21:27:29","modified_gmt":"2020-11-05T00:27:29","slug":"el-festival-de-la-ciencia-desarrollara-talleres-capsulas-charlas-y-conversatorios-en-formato-online","status":"publish","type":"post","link":"https:\/\/www.radioamigavallenar.cl\/?p=31689","title":{"rendered":"El Festival de la Ciencia desarrollar\u00e1 talleres, c\u00e1psulas, charlas y conversatorios en formato online"},"content":{"rendered":"<p><strong>Explora Atacama invita a toda la comunidad a sumarse al Festival de la Ciencia, una actividad que del 11 al 15 de noviembre llenar\u00e1 la web con contenidos cient\u00edficos. C\u00e1psulas, podcast, conversatorios, talleres online y charlas ser\u00e1n parte de las actividades que se desarrollar\u00e1n y que podr\u00e1s seguir por el canal de YouTube PAR Explora Atacama y el sitio web\u00a0www.explora.cl\/atacama. Las actividades son totalmente gratuitas y de libre acceso.<\/strong><span id=\"more-224270\"><\/span><\/p>\n<p>&nbsp;<\/p>\n<p>El pr\u00f3ximo mi\u00e9rcoles 11 de noviembre se inaugura el Festival de la Ciencia, una actividad del Ministerio de Ciencia, Tecnolog\u00eda, Conocimiento e Innovaci\u00f3n y que entregar\u00e1 virtualmente contenidos cient\u00edficos en la web y redes sociales a trav\u00e9s del trabajo que se est\u00e1 realizando en la regi\u00f3n y que el equipo del PAR Explora Atacama pone en relevancia, bajo el alero de la Universidad de Atacama.<\/p>\n<p>\u201c\u00a1Celebremos la Curiosidad!\u201d es el lema de este a\u00f1o y entre las actividades m\u00e1s destacadas est\u00e1n una serie de talleres a los cuales se puede acceder de manera totalmente gratuita previa inscripci\u00f3n en\u00a0www.explora.cl\/atacamay que pueden seguir por redes sociales.<\/p>\n<p>Cristi\u00e1n Galaz Esquivel, director del PAR Explora Atacama, invit\u00f3 a la comunidad a ser parte de esta actividad: \u201cQueremos invitar a todas y todos a sumarse a estas actividades preparadas por el equipo Explora Atacama y por nuestros asociados, donde hablaremos de distintas disciplinas cient\u00edficas de manera entretenida. Tendremos muchas actividades que apuntan a socializar el conocimiento, llevando de manera entretenida la ciencia a todo p\u00fablico hablando directamente con investigadoras e investigadores. Les esperamos en esta nueva edici\u00f3n del Festival de la Ciencia\u201d.<\/p>\n<p>El lanzamiento, programado para las 10:00 horas del mi\u00e9rcoles 11 de noviembre del FECI, 2020 es abordado en la regi\u00f3n de Atacama rescatando su valor patrimonial, historia y geograf\u00eda, riquezas minerales conservadas de mar a cordillera y la importancia de los ni\u00f1os, ni\u00f1as y adolescentes en la innovaci\u00f3n que imparten estos saberes.<\/p>\n<p>Un trabajo colaborativo<\/p>\n<p>En los conversatorios y charlas se consideran temas como el rol de las mujeres en las investigaciones cient\u00edficas, el trabajo de destacadas promotoras de la ciencia en ni\u00f1as, adem\u00e1s se hablar\u00e1 de geolog\u00eda y mineralog\u00eda.<\/p>\n<p>Ser\u00e1n cinco d\u00edas donde participar\u00e1n investigadores e investigadoras de la UDA, el Museo Regional de Atacama, la Sociedad Astron\u00f3mica Ori\u00f3n con el observatorio educativo de Venado Norte, el Museo Mineral\u00f3gico de la Universidad de Atacama y el Museo Paleontol\u00f3gico de la Municipalidad de Caldera entre otras instituciones que suman en total 29 colaboraciones.<\/p>\n<p>Las c\u00e1psulas nos mostrar\u00e1n este observatorio enclavado en las alturas; los f\u00f3siles ba\u00f1ados por el viento costero; las piezas resguardadas de meteoritos y minerales raros, adem\u00e1s de conocer la ciencia para conservar y clasificar estas piezas.\u00a0 Adem\u00e1s se dar\u00e1n a conocer hitos y aspectos cient\u00edfico-patrimoniales de la zona, programas de radio con temas como el hidr\u00f3geno verde, la astrominer\u00eda y el cuidado de la avifauna en la costa.<\/p>\n","protected":false},"excerpt":{"rendered":"<p>Explora Atacama invita a toda la comunidad a sumarse al Festival de la Ciencia, una actividad que del 11 al 15 de noviembre llenar\u00e1 la&hellip; <\/p>\n","protected":false},"author":2,"featured_media":31690,"comment_status":"open","ping_status":"closed","sticky":false,"template":"","format":"standard","meta":{"footnotes":""},"categories":[7],"tags":[],"class_list":["post-31689","post","type-post","status-publish","format-standard","has-post-thumbnail","hentry","category-atacama"],"_links":{"self":[{"href":"https:\/\/www.radioamigavallenar.cl\/index.php?rest_route=\/wp\/v2\/posts\/31689","targetHints":{"allow":["GET"]}}],"collection":[{"href":"https:\/\/www.radioamigavallenar.cl\/index.php?rest_route=\/wp\/v2\/posts"}],"about":[{"href":"https:\/\/www.radioamigavallenar.cl\/index.php?rest_route=\/wp\/v2\/types\/post"}],"author":[{"embeddable":true,"href":"https:\/\/www.radioamigavallenar.cl\/index.php?rest_route=\/wp\/v2\/users\/2"}],"replies":[{"embeddable":true,"href":"https:\/\/www.radioamigavallenar.cl\/index.php?rest_route=%2Fwp%2Fv2%2Fcomments&post=31689"}],"version-history":[{"count":1,"href":"https:\/\/www.radioamigavallenar.cl\/index.php?rest_route=\/wp\/v2\/posts\/31689\/revisions"}],"predecessor-version":[{"id":31691,"href":"https:\/\/www.radioamigavallenar.cl\/index.php?rest_route=\/wp\/v2\/posts\/31689\/revisions\/31691"}],"wp:featuredmedia":[{"embeddable":true,"href":"https:\/\/www.radioamigavallenar.cl\/index.php?rest_route=\/wp\/v2\/media\/31690"}],"wp:attachment":[{"href":"https:\/\/www.radioamigavallenar.cl\/index.php?rest_route=%2Fwp%2Fv2%2Fmedia&parent=31689"}],"wp:term":[{"taxonomy":"category","embeddable":true,"href":"https:\/\/www.radioamigavallenar.cl\/index.php?rest_route=%2Fwp%2Fv2%2Fcategories&post=31689"},{"taxonomy":"post_tag","embeddable":true,"href":"https:\/\/www.radioamigavallenar.cl\/index.php?rest_route=%2Fwp%2Fv2%2Ftags&post=31689"}],"curies":[{"name":"wp","href":"https:\/\/api.w.org\/{rel}","templated":true}]}}