{"id":31686,"date":"2020-11-05T06:00:51","date_gmt":"2020-11-05T09:00:51","guid":{"rendered":"https:\/\/www.radioamigavallenar.cl\/?p=31686"},"modified":"2020-11-04T21:26:12","modified_gmt":"2020-11-05T00:26:12","slug":"autoridades-regionales-hacen-entrega-de-moderna-ambulancia-para-samu-atacama","status":"publish","type":"post","link":"https:\/\/www.radioamigavallenar.cl\/?p=31686","title":{"rendered":"Autoridades regionales hacen entrega de moderna ambulancia para Samu Atacama"},"content":{"rendered":"<p>Director del Servicio de Salud, Claudio Baeza, Gobernadora de la Provincia de Copiap\u00f3, Paulina Bassaure y Presidenta del Consejo Regional, Ruth Vega participaron en la ceremonia de entrega de una Ambulancia de Emergencia Avanzada 4\u00d74 destinada a SAMU Atacama con una inversi\u00f3n de $ 94.123.695 por parte del Consejo Regional (CORE)<span id=\"more-224250\"><\/span><\/p>\n<p>&nbsp;<\/p>\n<p>Al respecto el Director del Servicio de Salud, Claudio Baeza manifest\u00f3: \u201cestamos muy contentos entregando un nuevo m\u00f3vil para SAMU Atacama y que seguir\u00e1 potenciando las condiciones en las que brindamos la atenci\u00f3n prehospitalaria. Hacemos un reconocimiento al equipo y trabajo que han desarrollado todos los integrantes del SAMU durante la pandemia, pero tambi\u00e9n, durante las situaciones de urgencia que han ocurrido en la regi\u00f3n. Quiero agradecer tambi\u00e9n al Consejo Regional por este importante aporte que hacen a nuestra Red Asistencial para continuar con el fortalecimiento de nuestros funcionarios\u201d.<\/p>\n<p>Con una inversi\u00f3n de m\u00e1s de 90 millones de pesos por parte del Consejo Regional, la nueva ambulancia cuenta con mampara y puerta interconexi\u00f3n entre cabina conductor y cabina sanitaria, doble Air-Bag, tracci\u00f3n 4X4, sistema de anclaje de equipos especiales, esto permite llevar incubadoras neonatales, pacientes en sillas de ruedas u otro tipo de dispositivo m\u00e9dico cr\u00edtico que requiera estar asegurado ante un traslado a alta velocidad, entre otras m\u00e1s. \u201cLa actividad que vemos plasmada el d\u00eda de hoy responde a las coordinaciones permanentes que realiza el Gobierno del Presidente Sebasti\u00e1n Pi\u00f1era en conjunto con el Gobierno Regional de Atacama y el Consejo Regional. Esta iniciativa permite hoy la entrega de un equipo de \u00faltima generaci\u00f3n al SAMU Atacama\u201d destac\u00f3 la Gobernadora de la Provincia de Copiap\u00f3, Paulina Bassaure.<\/p>\n<p>\u201cEn esta importante ceremonia que estamos realizando es la \u00faltima ambulancia de un proyecto importante que fue aprobado por el Consejo Regional el contempla m\u00f3viles y su respectivo equipamiento. Una ambulancia equipada con todo lo necesario, incluso, para realizar electrocardiogramas en el traslado hacia el Hospital Regional. Agradecemos a los funcionarios de salud por la importante labor que ellos cumplen, agradezco por su trabajo, especialmente, a las personas que trabajaron en estos proyectos para que r\u00e1pidamente estuvieran para su aprobaci\u00f3n. Aqu\u00ed se realiz\u00f3 un trabajo en conjunto entre Servicio de Salud, el Consejo Regional y el Ejecutivo\u201d detall\u00f3 la Presidenta del CORE Ruth Vega.<\/p>\n<p>Durante la actividad desarrollada se destac\u00f3 y valor\u00f3 la entrega de esta moderna ambulancia 4X4 con su equipamiento de \u00faltimo nivel y que permitir\u00e1 facilitar tanto la atenci\u00f3n de los pacientes como el trabajo de los funcionarios. As\u00ed mismo lo enfatiz\u00f3 la Jefa del SAMU, Laura Tapia \u201cEstamos recibiendo una nueva ambulancia a nuestra dotaci\u00f3n de veh\u00edculos de SAMU que viene a potenciar nuestra atenci\u00f3n prehospitalaria. Ambulancia que tiene una alta tecnolog\u00eda, tanto del veh\u00edculo como de la cabina sanitaria. Este nuevo veh\u00edculo viene a fortalecer nuestras capacidades y la oportunidad de atenci\u00f3n de nuestros usuarios.\u201d<\/p>\n","protected":false},"excerpt":{"rendered":"<p>Director del Servicio de Salud, Claudio Baeza, Gobernadora de la Provincia de Copiap\u00f3, Paulina Bassaure y Presidenta del Consejo Regional, Ruth Vega participaron en la&hellip; <\/p>\n","protected":false},"author":2,"featured_media":31687,"comment_status":"open","ping_status":"closed","sticky":false,"template":"","format":"standard","meta":{"footnotes":""},"categories":[7],"tags":[],"class_list":["post-31686","post","type-post","status-publish","format-standard","has-post-thumbnail","hentry","category-atacama"],"_links":{"self":[{"href":"https:\/\/www.radioamigavallenar.cl\/index.php?rest_route=\/wp\/v2\/posts\/31686","targetHints":{"allow":["GET"]}}],"collection":[{"href":"https:\/\/www.radioamigavallenar.cl\/index.php?rest_route=\/wp\/v2\/posts"}],"about":[{"href":"https:\/\/www.radioamigavallenar.cl\/index.php?rest_route=\/wp\/v2\/types\/post"}],"author":[{"embeddable":true,"href":"https:\/\/www.radioamigavallenar.cl\/index.php?rest_route=\/wp\/v2\/users\/2"}],"replies":[{"embeddable":true,"href":"https:\/\/www.radioamigavallenar.cl\/index.php?rest_route=%2Fwp%2Fv2%2Fcomments&post=31686"}],"version-history":[{"count":1,"href":"https:\/\/www.radioamigavallenar.cl\/index.php?rest_route=\/wp\/v2\/posts\/31686\/revisions"}],"predecessor-version":[{"id":31688,"href":"https:\/\/www.radioamigavallenar.cl\/index.php?rest_route=\/wp\/v2\/posts\/31686\/revisions\/31688"}],"wp:featuredmedia":[{"embeddable":true,"href":"https:\/\/www.radioamigavallenar.cl\/index.php?rest_route=\/wp\/v2\/media\/31687"}],"wp:attachment":[{"href":"https:\/\/www.radioamigavallenar.cl\/index.php?rest_route=%2Fwp%2Fv2%2Fmedia&parent=31686"}],"wp:term":[{"taxonomy":"category","embeddable":true,"href":"https:\/\/www.radioamigavallenar.cl\/index.php?rest_route=%2Fwp%2Fv2%2Fcategories&post=31686"},{"taxonomy":"post_tag","embeddable":true,"href":"https:\/\/www.radioamigavallenar.cl\/index.php?rest_route=%2Fwp%2Fv2%2Ftags&post=31686"}],"curies":[{"name":"wp","href":"https:\/\/api.w.org\/{rel}","templated":true}]}}