{"id":31680,"date":"2020-11-04T12:40:46","date_gmt":"2020-11-04T15:40:46","guid":{"rendered":"https:\/\/www.radioamigavallenar.cl\/?p=31680"},"modified":"2020-11-04T12:40:46","modified_gmt":"2020-11-04T15:40:46","slug":"aumentan-a-24-los-escanos-reservados-para-pueblos-originarios-en-la-convencion-constituyente","status":"publish","type":"post","link":"https:\/\/www.radioamigavallenar.cl\/?p=31680","title":{"rendered":"Aumentan a 24 los esca\u00f1os reservados para pueblos originarios en la Convenci\u00f3n Constituyente"},"content":{"rendered":"<p>La\u00a0<strong>Comisi\u00f3n de Constituci\u00f3n del Senado<\/strong>\u00a0aprob\u00f3 aumentar a 24 los\u00a0<strong>esca\u00f1os reservados para pueblos originarios<\/strong>\u00a0en la Convenci\u00f3n Constituyente, instancia que tendr\u00e1 como tarea redactar una nueva constituci\u00f3n para Chile.<\/p>\n<p>La semana pasada<strong>\u00a0se hab\u00edan resuelto 23 esca\u00f1os reservados<\/strong>, no obstante la comisi\u00f3n -tras una revisi\u00f3n final a la reforma- decidi\u00f3 agregar un nuevo cupo a fin de garantizar\u00a0<strong>la presencia del pueblo Chango<\/strong>, reconocido recientemente por ley.<\/p>\n<p>En consecuencia, con esa y otras modificaciones asociadas a la inclusi\u00f3n del pueblo Chango,\u00a0<strong>el texto ser\u00e1 votado la pr\u00f3xima semana en la Sala del Senado<\/strong>, de acuerdo a lo determinado por los comit\u00e9s parlamentarios.<\/p>\n<p>Para ser aprobada, la reforma necesitar\u00e1 contar con la venia de 3\/5 de los senadores en ejercicio, lo que complica las aspiraciones de los parlamentarios de oposici\u00f3n y de los propios pueblos originarios.<\/p>\n<p>De acuerdo a lo planteado, los 24 esca\u00f1os ser\u00e1n adicionales a los 155 que estaban acordados previo al Plebiscito, por lo que la redacci\u00f3n de una nueva carta fundamental podr\u00eda quedar en manos de 179 personas.<\/p>\n","protected":false},"excerpt":{"rendered":"<p>La\u00a0Comisi\u00f3n de Constituci\u00f3n del Senado\u00a0aprob\u00f3 aumentar a 24 los\u00a0esca\u00f1os reservados para pueblos originarios\u00a0en la Convenci\u00f3n Constituyente, instancia que tendr\u00e1 como tarea redactar una nueva constituci\u00f3n&hellip; <\/p>\n","protected":false},"author":2,"featured_media":31681,"comment_status":"open","ping_status":"closed","sticky":false,"template":"","format":"standard","meta":{"footnotes":""},"categories":[37],"tags":[],"class_list":["post-31680","post","type-post","status-publish","format-standard","has-post-thumbnail","hentry","category-nacional"],"_links":{"self":[{"href":"https:\/\/www.radioamigavallenar.cl\/index.php?rest_route=\/wp\/v2\/posts\/31680","targetHints":{"allow":["GET"]}}],"collection":[{"href":"https:\/\/www.radioamigavallenar.cl\/index.php?rest_route=\/wp\/v2\/posts"}],"about":[{"href":"https:\/\/www.radioamigavallenar.cl\/index.php?rest_route=\/wp\/v2\/types\/post"}],"author":[{"embeddable":true,"href":"https:\/\/www.radioamigavallenar.cl\/index.php?rest_route=\/wp\/v2\/users\/2"}],"replies":[{"embeddable":true,"href":"https:\/\/www.radioamigavallenar.cl\/index.php?rest_route=%2Fwp%2Fv2%2Fcomments&post=31680"}],"version-history":[{"count":1,"href":"https:\/\/www.radioamigavallenar.cl\/index.php?rest_route=\/wp\/v2\/posts\/31680\/revisions"}],"predecessor-version":[{"id":31682,"href":"https:\/\/www.radioamigavallenar.cl\/index.php?rest_route=\/wp\/v2\/posts\/31680\/revisions\/31682"}],"wp:featuredmedia":[{"embeddable":true,"href":"https:\/\/www.radioamigavallenar.cl\/index.php?rest_route=\/wp\/v2\/media\/31681"}],"wp:attachment":[{"href":"https:\/\/www.radioamigavallenar.cl\/index.php?rest_route=%2Fwp%2Fv2%2Fmedia&parent=31680"}],"wp:term":[{"taxonomy":"category","embeddable":true,"href":"https:\/\/www.radioamigavallenar.cl\/index.php?rest_route=%2Fwp%2Fv2%2Fcategories&post=31680"},{"taxonomy":"post_tag","embeddable":true,"href":"https:\/\/www.radioamigavallenar.cl\/index.php?rest_route=%2Fwp%2Fv2%2Ftags&post=31680"}],"curies":[{"name":"wp","href":"https:\/\/api.w.org\/{rel}","templated":true}]}}