{"id":31677,"date":"2020-11-04T12:37:34","date_gmt":"2020-11-04T15:37:34","guid":{"rendered":"https:\/\/www.radioamigavallenar.cl\/?p=31677"},"modified":"2020-11-04T12:37:34","modified_gmt":"2020-11-04T15:37:34","slug":"trabajadores-de-minera-candelaria-rechazaron-bono-de-135-millones-y-pasaron-a-huelga-indefinida","status":"publish","type":"post","link":"https:\/\/www.radioamigavallenar.cl\/?p=31677","title":{"rendered":"Trabajadores de Minera Candelaria rechazaron bono de 13,5 millones y pasaron a huelga indefinida"},"content":{"rendered":"<p>El sindicato de la empresa mantiene una paralizaci\u00f3n hace casi un mes.<\/p>\n<p>A s\u00f3lo d\u00edas de cumplir\u00a0<strong>un mes en\u00a0<a href=\"https:\/\/www.cooperativa.cl\/noticias\/pais\/region-de-atacama\/minera-candelaria-suspende-sus-operaciones-tras-huelga-de-un-segundo\/2020-10-19\/123701.html\" target=\"_blank\" rel=\"noopener noreferrer\">huelga<\/a><\/strong>, y tras una votaci\u00f3n realizada el martes, los\u00a0<strong>trabajadores de la Minera Candelaria rechazaron la \u00faltima oferta presentada por la empresa<\/strong>\u00a0y anunciaron el inicio de un\u00a0<strong>paro indefinido<\/strong>.<\/p>\n<p>Mediante un comunicado, Candelaria inform\u00f3 que ha \u00abpresentado\u00a0<strong>cuatro ofertas mejoradas al Sindicato Mina<\/strong>\u00ab, que son\u00a0\u00abpropuestas responsables y transparentes, con el objetivo de asegurar la sostenibilidad de la fuerza laboral y la necesidad de seguir siendo una operaci\u00f3n y negocio competitivo\u00bb, pero no han tenido buena acogida.<\/p>\n<p>En esta instancia, la compa\u00f1\u00eda cupr\u00edfera puso sobre la mesa un bono de\u00a0<strong>13,5 millones de pesos<\/strong>. Sin embargo,\u00a0el Sindicato pide una suma m\u00e1s cercana a los\u00a0<strong>14 millones<\/strong>.<\/p>\n<section class=\"contenedor-encabezado\">\n<article id=\"despliegue-titular\">\n<div class=\"contenedor-rotulo-topicos\">\n<div class=\"rotulo-topicos\">\n<p>La empresa, perteneciente a la\u00a0<strong>canadiense Lundin Mining<\/strong>, asegur\u00f3\u00a0que su objetivo \u00abha sido y seguir\u00e1 siendo el velar por el bienestar tanto de nuestros trabajadores como de las comunidades en las que operamos\u00bb.<\/p>\n<p>Por lo tanto, la empresa llam\u00f3 a los trabajadores a establecer un\u00a0<strong>di\u00e1logo que permita alcanzar \u00abun acuerdo mutuamente beneficioso\u00bb<\/strong>.<\/p>\n<\/div>\n<\/div>\n<\/article>\n<\/section>\n<section class=\"columna columna-izquierda\">\n<div id=\"contenedor-cuerpo\" class=\"contenedor-cuerpo\">\n<div class=\"texto-bajada\">\n<div id=\"contenedor-leermas\" class=\"cuerpo-articulo contenedor-leermas\">\n<div id=\"cuerpo-ad\" class=\"cuerpo-ad\">\n<p>&nbsp;<\/p>\n<\/div>\n<\/div>\n<\/div>\n<\/div>\n<\/section>\n","protected":false},"excerpt":{"rendered":"<p>El sindicato de la empresa mantiene una paralizaci\u00f3n hace casi un mes. A s\u00f3lo d\u00edas de cumplir\u00a0un mes en\u00a0huelga, y tras una votaci\u00f3n realizada el&hellip; <\/p>\n","protected":false},"author":2,"featured_media":31678,"comment_status":"open","ping_status":"closed","sticky":false,"template":"","format":"standard","meta":{"footnotes":""},"categories":[37],"tags":[],"class_list":["post-31677","post","type-post","status-publish","format-standard","has-post-thumbnail","hentry","category-nacional"],"_links":{"self":[{"href":"https:\/\/www.radioamigavallenar.cl\/index.php?rest_route=\/wp\/v2\/posts\/31677","targetHints":{"allow":["GET"]}}],"collection":[{"href":"https:\/\/www.radioamigavallenar.cl\/index.php?rest_route=\/wp\/v2\/posts"}],"about":[{"href":"https:\/\/www.radioamigavallenar.cl\/index.php?rest_route=\/wp\/v2\/types\/post"}],"author":[{"embeddable":true,"href":"https:\/\/www.radioamigavallenar.cl\/index.php?rest_route=\/wp\/v2\/users\/2"}],"replies":[{"embeddable":true,"href":"https:\/\/www.radioamigavallenar.cl\/index.php?rest_route=%2Fwp%2Fv2%2Fcomments&post=31677"}],"version-history":[{"count":1,"href":"https:\/\/www.radioamigavallenar.cl\/index.php?rest_route=\/wp\/v2\/posts\/31677\/revisions"}],"predecessor-version":[{"id":31679,"href":"https:\/\/www.radioamigavallenar.cl\/index.php?rest_route=\/wp\/v2\/posts\/31677\/revisions\/31679"}],"wp:featuredmedia":[{"embeddable":true,"href":"https:\/\/www.radioamigavallenar.cl\/index.php?rest_route=\/wp\/v2\/media\/31678"}],"wp:attachment":[{"href":"https:\/\/www.radioamigavallenar.cl\/index.php?rest_route=%2Fwp%2Fv2%2Fmedia&parent=31677"}],"wp:term":[{"taxonomy":"category","embeddable":true,"href":"https:\/\/www.radioamigavallenar.cl\/index.php?rest_route=%2Fwp%2Fv2%2Fcategories&post=31677"},{"taxonomy":"post_tag","embeddable":true,"href":"https:\/\/www.radioamigavallenar.cl\/index.php?rest_route=%2Fwp%2Fv2%2Ftags&post=31677"}],"curies":[{"name":"wp","href":"https:\/\/api.w.org\/{rel}","templated":true}]}}