{"id":31674,"date":"2020-11-04T12:25:50","date_gmt":"2020-11-04T15:25:50","guid":{"rendered":"https:\/\/www.radioamigavallenar.cl\/?p=31674"},"modified":"2020-11-04T12:25:50","modified_gmt":"2020-11-04T15:25:50","slug":"hoy-miercoles-atacama-reporto-9-casos-nuevos-de-coronavirus","status":"publish","type":"post","link":"https:\/\/www.radioamigavallenar.cl\/?p=31674","title":{"rendered":"Hoy Miercoles Atacama report\u00f3 9 casos nuevos de Coronavirus"},"content":{"rendered":"<p>El Minsal inform\u00f3 este mi\u00e9rcoles, solo nueve casos nuevos de Coronavirus en las \u00faltimas horas en la regi\u00f3n de Atacama, de ellos 7 fueron casos sintom\u00e1ticos y 2 sin s\u00edntomas, adem\u00e1s se report\u00f3 una disminuci\u00f3n de casos activos a nivel regional, llegando a 91.<\/p>\n<p style=\"text-align: center;\"><a href=\"https:\/\/www.radioamigavallenar.cl\/wp-content\/uploads\/2020\/11\/El_RY-_XEAE-cRW.jpg\"><img loading=\"lazy\" decoding=\"async\" class=\"alignnone  wp-image-31675\" src=\"https:\/\/www.radioamigavallenar.cl\/wp-content\/uploads\/2020\/11\/El_RY-_XEAE-cRW-300x300.jpg\" alt=\"\" width=\"724\" height=\"724\" \/><\/a><\/p>\n<p style=\"text-align: center;\">Atacama, suma a la fecha un total de 7.905 casos de Coronavirus.<\/p>\n","protected":false},"excerpt":{"rendered":"<p>El Minsal inform\u00f3 este mi\u00e9rcoles, solo nueve casos nuevos de Coronavirus en las \u00faltimas horas en la regi\u00f3n de Atacama, de ellos 7 fueron casos&hellip; <\/p>\n","protected":false},"author":2,"featured_media":28220,"comment_status":"open","ping_status":"closed","sticky":false,"template":"","format":"standard","meta":{"footnotes":""},"categories":[7],"tags":[],"class_list":["post-31674","post","type-post","status-publish","format-standard","has-post-thumbnail","hentry","category-atacama"],"_links":{"self":[{"href":"https:\/\/www.radioamigavallenar.cl\/index.php?rest_route=\/wp\/v2\/posts\/31674","targetHints":{"allow":["GET"]}}],"collection":[{"href":"https:\/\/www.radioamigavallenar.cl\/index.php?rest_route=\/wp\/v2\/posts"}],"about":[{"href":"https:\/\/www.radioamigavallenar.cl\/index.php?rest_route=\/wp\/v2\/types\/post"}],"author":[{"embeddable":true,"href":"https:\/\/www.radioamigavallenar.cl\/index.php?rest_route=\/wp\/v2\/users\/2"}],"replies":[{"embeddable":true,"href":"https:\/\/www.radioamigavallenar.cl\/index.php?rest_route=%2Fwp%2Fv2%2Fcomments&post=31674"}],"version-history":[{"count":1,"href":"https:\/\/www.radioamigavallenar.cl\/index.php?rest_route=\/wp\/v2\/posts\/31674\/revisions"}],"predecessor-version":[{"id":31676,"href":"https:\/\/www.radioamigavallenar.cl\/index.php?rest_route=\/wp\/v2\/posts\/31674\/revisions\/31676"}],"wp:featuredmedia":[{"embeddable":true,"href":"https:\/\/www.radioamigavallenar.cl\/index.php?rest_route=\/wp\/v2\/media\/28220"}],"wp:attachment":[{"href":"https:\/\/www.radioamigavallenar.cl\/index.php?rest_route=%2Fwp%2Fv2%2Fmedia&parent=31674"}],"wp:term":[{"taxonomy":"category","embeddable":true,"href":"https:\/\/www.radioamigavallenar.cl\/index.php?rest_route=%2Fwp%2Fv2%2Fcategories&post=31674"},{"taxonomy":"post_tag","embeddable":true,"href":"https:\/\/www.radioamigavallenar.cl\/index.php?rest_route=%2Fwp%2Fv2%2Ftags&post=31674"}],"curies":[{"name":"wp","href":"https:\/\/api.w.org\/{rel}","templated":true}]}}