{"id":31671,"date":"2020-11-04T11:10:13","date_gmt":"2020-11-04T14:10:13","guid":{"rendered":"https:\/\/www.radioamigavallenar.cl\/?p=31671"},"modified":"2020-11-04T11:16:01","modified_gmt":"2020-11-04T14:16:01","slug":"vocera-de-gobierno-y-directora-de-prodemu-sumaron-a-sus-encuentros-de-trabajo-a-evangelicos-y-corporaciones-tea","status":"publish","type":"post","link":"https:\/\/www.radioamigavallenar.cl\/?p=31671","title":{"rendered":"Vocera de Gobierno y directora de Prodemu sumaron a sus encuentros de trabajo a evang\u00e9licos y Corporaciones TEA"},"content":{"rendered":"<p>Con el objetivo de mantener activas las reuniones de trabajo con dirigentes sociales de Copiap\u00f3, la vocera regional Mar\u00eda Francisca Plaza Velis y la directora regional de Prodemu, Johanna Fern\u00e1ndez Rodr\u00edguez, informaron que continuar\u00e1n durante el mes de noviembre realizando encuentros y mesas de trabajo, incluso, el pasado mi\u00e9rcoles se reunieron con integrantes de iglesias evang\u00e9licas y con integrantes de la corporaci\u00f3n Te Apoyo, cuya finalidad es apoyar a ni\u00f1os(as) con Trastorno del Espectro Autista (TEA).<\/p>\n<p>La actividad se desarroll\u00f3 en la oficina de la Secretar\u00eda Regional Ministerial de Gobierno, en un ambiente cercano, distendido y con muchas ganas de trabajar por las diferentes comunidades y organizaciones sociales.<\/p>\n<p>En la actividad participaron, Marcos Vallejos, de la agrupaci\u00f3n \u201cSalvemos nuestra familia\u201d; Cecilia Olivares de la Corporaci\u00f3n \u201cTe Apoyo\u201d; Pedro Guti\u00e9rrez de la fundaci\u00f3n \u201cNuestra responsabilidad\u201d; Carolina Orellana y Sylvia \u00c1lvarez, participantes de la Ruta Digital de Empleabilidad de Prodemu; por nombrar s\u00f3lo algunos ejemplos<\/p>\n<p>Al respecto, la Seremi de Gobierno afirm\u00f3 que \u201ctal como lo ha mandatado nuestro Presidente Sebasti\u00e1n Pi\u00f1era, estamos reuni\u00e9ndonos con dirigentes sociales para escuchar y tomar nota; con humildad y con sentido republicano; sus solicitudes para poder buscar soluciones a \u00e9stas dentro de nuestras posibilidades. La pandemia nos ha ense\u00f1ado que la gesti\u00f3n desde el sector p\u00fablico si se puede lograr cuando hay unidad, di\u00e1logo, respeto, entendimiento y voluntad. En este marco, nos hemos reunido con diferentes representantes de organizaciones de Copiap\u00f3 y en este caso particular recibimos la visita de personas que pertenecen a iglesias evang\u00e9licas y a personas que trabajan con la Corporaci\u00f3n Te apoyo, que apoya a ni\u00f1os con diagn\u00f3stico de Trastorno del espectro autista. Fue maravilloso y provechoso poder conversar con cada uno de ellas y ellos. Quiero felicitar a la directora de Prodemu por su apoyo en esta gesti\u00f3n y solo decirle que estamos enfocadas en sacar la tarea adelante\u201d.<\/p>\n<p>Por su parte, la directora regional de Prodemu, sostuvo que \u201cen estas reuniones lo m\u00e1s importante es conocernos. Saber nuestros anhelos, nuestros sue\u00f1os y nuestras proyecciones, porque si de algo estoy segura, es que cuando se trabaja en equipo, con confianza, cercan\u00eda, con humildad y disposici\u00f3n, todo es posible. Felicitar a la vocera regional Mar\u00eda Francisca Plaza por el apoyo brindado y agradecer particularmente a Carolina Orellana y a Sylvia \u00c1lvarez quienes trabajaron con nuestra ruta digital de empleabilidad durante este a\u00f1o. Me fue grato poder verlas y saber c\u00f3mo han estado tras recibir el kit digital de Prodemu\u201d.<\/p>\n<p>Para aquellas organizaciones, corporaciones, juntas de vecinos, uniones comunales, por nombrar algunos ejemplos que deseen realizar encuentros o mesas de trabajo con las autoridades, deben contactarse con el encargado de comunicaciones, al correo:\u00a0<a href=\"mailto:andreslopezgalvez@hotmail.com\">andreslopezgalvez@hotmail.com<\/a>.<\/p>\n","protected":false},"excerpt":{"rendered":"<p>Con el objetivo de mantener activas las reuniones de trabajo con dirigentes sociales de Copiap\u00f3, la vocera regional Mar\u00eda Francisca Plaza Velis y la directora&hellip; <\/p>\n","protected":false},"author":2,"featured_media":31672,"comment_status":"open","ping_status":"closed","sticky":false,"template":"","format":"standard","meta":{"footnotes":""},"categories":[38],"tags":[],"class_list":["post-31671","post","type-post","status-publish","format-standard","has-post-thumbnail","hentry","category-portada-regional"],"_links":{"self":[{"href":"https:\/\/www.radioamigavallenar.cl\/index.php?rest_route=\/wp\/v2\/posts\/31671","targetHints":{"allow":["GET"]}}],"collection":[{"href":"https:\/\/www.radioamigavallenar.cl\/index.php?rest_route=\/wp\/v2\/posts"}],"about":[{"href":"https:\/\/www.radioamigavallenar.cl\/index.php?rest_route=\/wp\/v2\/types\/post"}],"author":[{"embeddable":true,"href":"https:\/\/www.radioamigavallenar.cl\/index.php?rest_route=\/wp\/v2\/users\/2"}],"replies":[{"embeddable":true,"href":"https:\/\/www.radioamigavallenar.cl\/index.php?rest_route=%2Fwp%2Fv2%2Fcomments&post=31671"}],"version-history":[{"count":1,"href":"https:\/\/www.radioamigavallenar.cl\/index.php?rest_route=\/wp\/v2\/posts\/31671\/revisions"}],"predecessor-version":[{"id":31673,"href":"https:\/\/www.radioamigavallenar.cl\/index.php?rest_route=\/wp\/v2\/posts\/31671\/revisions\/31673"}],"wp:featuredmedia":[{"embeddable":true,"href":"https:\/\/www.radioamigavallenar.cl\/index.php?rest_route=\/wp\/v2\/media\/31672"}],"wp:attachment":[{"href":"https:\/\/www.radioamigavallenar.cl\/index.php?rest_route=%2Fwp%2Fv2%2Fmedia&parent=31671"}],"wp:term":[{"taxonomy":"category","embeddable":true,"href":"https:\/\/www.radioamigavallenar.cl\/index.php?rest_route=%2Fwp%2Fv2%2Fcategories&post=31671"},{"taxonomy":"post_tag","embeddable":true,"href":"https:\/\/www.radioamigavallenar.cl\/index.php?rest_route=%2Fwp%2Fv2%2Ftags&post=31671"}],"curies":[{"name":"wp","href":"https:\/\/api.w.org\/{rel}","templated":true}]}}