{"id":31669,"date":"2020-11-04T11:14:25","date_gmt":"2020-11-04T14:14:25","guid":{"rendered":"https:\/\/www.radioamigavallenar.cl\/?p=31669"},"modified":"2020-11-04T11:14:25","modified_gmt":"2020-11-04T14:14:25","slug":"senadora-yasna-provoste-destaca-avance-de-proyecto-que-establece-cuota-de-genero-en-candidaturas-municipales-y-de-gores","status":"publish","type":"post","link":"https:\/\/www.radioamigavallenar.cl\/?p=31669","title":{"rendered":"Senadora Yasna Provoste destaca avance de proyecto que establece cuota de g\u00e9nero en candidaturas municipales y de GORES"},"content":{"rendered":"<p><strong>La iniciativa fue aprobada en general por la unanimidad de la Sala del Senado, quedando en condiciones de continuar su discusi\u00f3n en particular.<\/strong><\/p>\n<p>Por la unanimidad de las y los senadores, la C\u00e1mara Alta aprob\u00f3 en general el proyecto de ley (bolet\u00edn 11994-34) que establece cuota de g\u00e9nero en candidaturas de gobernadores regionales, alcaldes, alcaldesas, concejales y concejalas, cuyas elecciones fechan entre noviembre de 2020 y mayo de 2021. La iniciativa qued\u00f3 en condiciones de continuar su discusi\u00f3n en particular en la Comisi\u00f3n de Mujer y Equidad de G\u00e9nero del Senado.<\/p>\n<p>Al respecto, la senadora Yasna Provoste (DC) destac\u00f3 el avance de la propuesta, expresando que la participaci\u00f3n de mujeres en espacios de decisi\u00f3n es indispensable para la democracia y para el desarrollo presente y futuro del pa\u00eds.<\/p>\n<p>\u201cEsta votaci\u00f3n en general es la manifestaci\u00f3n de nuestra voluntad decidida de avanzar para que esta democracia se juegue con otros valores, de la equidad, de la inclusi\u00f3n, y de eliminar las barreras que hoy d\u00eda impiden que las mujeres estemos en los distintos espacios de toma de decisiones\u201d, se\u00f1al\u00f3 la congresista, argumentando que los resultados apuntan a que pa\u00edses con mayor calidad democr\u00e1tica tienen m\u00e1s mujeres ocupando lugares en los parlamentos, en los municipios y en las instancias de decisiones regionales.<\/p>\n","protected":false},"excerpt":{"rendered":"<p>La iniciativa fue aprobada en general por la unanimidad de la Sala del Senado, quedando en condiciones de continuar su discusi\u00f3n en particular. Por la&hellip; <\/p>\n","protected":false},"author":2,"featured_media":31333,"comment_status":"open","ping_status":"closed","sticky":false,"template":"","format":"standard","meta":{"footnotes":""},"categories":[38],"tags":[],"class_list":["post-31669","post","type-post","status-publish","format-standard","has-post-thumbnail","hentry","category-portada-regional"],"_links":{"self":[{"href":"https:\/\/www.radioamigavallenar.cl\/index.php?rest_route=\/wp\/v2\/posts\/31669","targetHints":{"allow":["GET"]}}],"collection":[{"href":"https:\/\/www.radioamigavallenar.cl\/index.php?rest_route=\/wp\/v2\/posts"}],"about":[{"href":"https:\/\/www.radioamigavallenar.cl\/index.php?rest_route=\/wp\/v2\/types\/post"}],"author":[{"embeddable":true,"href":"https:\/\/www.radioamigavallenar.cl\/index.php?rest_route=\/wp\/v2\/users\/2"}],"replies":[{"embeddable":true,"href":"https:\/\/www.radioamigavallenar.cl\/index.php?rest_route=%2Fwp%2Fv2%2Fcomments&post=31669"}],"version-history":[{"count":1,"href":"https:\/\/www.radioamigavallenar.cl\/index.php?rest_route=\/wp\/v2\/posts\/31669\/revisions"}],"predecessor-version":[{"id":31670,"href":"https:\/\/www.radioamigavallenar.cl\/index.php?rest_route=\/wp\/v2\/posts\/31669\/revisions\/31670"}],"wp:featuredmedia":[{"embeddable":true,"href":"https:\/\/www.radioamigavallenar.cl\/index.php?rest_route=\/wp\/v2\/media\/31333"}],"wp:attachment":[{"href":"https:\/\/www.radioamigavallenar.cl\/index.php?rest_route=%2Fwp%2Fv2%2Fmedia&parent=31669"}],"wp:term":[{"taxonomy":"category","embeddable":true,"href":"https:\/\/www.radioamigavallenar.cl\/index.php?rest_route=%2Fwp%2Fv2%2Fcategories&post=31669"},{"taxonomy":"post_tag","embeddable":true,"href":"https:\/\/www.radioamigavallenar.cl\/index.php?rest_route=%2Fwp%2Fv2%2Ftags&post=31669"}],"curies":[{"name":"wp","href":"https:\/\/api.w.org\/{rel}","templated":true}]}}