{"id":31666,"date":"2020-11-04T11:12:49","date_gmt":"2020-11-04T14:12:49","guid":{"rendered":"https:\/\/www.radioamigavallenar.cl\/?p=31666"},"modified":"2020-11-04T11:12:49","modified_gmt":"2020-11-04T14:12:49","slug":"jovenes-rurales-de-atacama-se-capacitan-via-online-en-agroecologia-y-comercializacion-digital","status":"publish","type":"post","link":"https:\/\/www.radioamigavallenar.cl\/?p=31666","title":{"rendered":"J\u00f3venes Rurales de Atacama se capacitan v\u00eda online en agroecolog\u00eda y comercializaci\u00f3n digital."},"content":{"rendered":"<p>Un grupo de 15 j\u00f3venes rurales en la regi\u00f3n de Atacama est\u00e1n participando de talleres para mejorar su actividad agropecuaria, gracias al apoyo que el Instituto de Desarrollo Agropecuario INDAP est\u00e1 desarrollando en la regi\u00f3n.<\/p>\n<p>A trav\u00e9s de la\u00a0\u00a0modalidad e-learning relacionada a las tem\u00e1ticas requeridas en reuniones previas con los j\u00f3venes rurales en los diversos territorios, se est\u00e1n entregando a los participantes conocimientos y herramientas t\u00e9cnicas para hacer m\u00e1s eficiente la ejecuci\u00f3n de labores agropecuarias y optimizar sus producciones conociendo a la vez nuevas formas de trabajo.<\/p>\n<p>\u00cdtalo Vitali, hortalicero en Freirina y uno de los participantes comenta \u201cestamos motivados en poder adquirir todos estos conocimientos en agroecolog\u00eda y c\u00f3mo vender m\u00e1s y mejor nuestros productos. En mi caso yo tengo arvejas, papas y porotos y la experiencia de poder ofrecerlos por redes sociales me ha tra\u00eddo bastante beneficios sobre todo hoy en que por el Covid-19 se han restringido los canales para comercializar, as\u00ed que quiero reconocer el trabajo que el Instituto est\u00e1 haciendo por los j\u00f3venes en el campo de Atacama\u201d destac\u00f3.<\/p>\n<p>En tanto la Directora Regional de INDAP en Atacama Mariela Herrera Ca\u00f1ete valor\u00f3 esta instancia de capacitaci\u00f3n para los j\u00f3venes rurales de nuestra regi\u00f3n. \u201cEstas capacitaciones en l\u00ednea son producto del trabajo de la mesa de j\u00f3venes rurales que funciona al alero de INDAP en Atacama. Para nuestra instituci\u00f3n es fundamental responder a las necesidades de las nuevas generaciones de agricultores, sobretodo en tem\u00e1ticas como estas que apuntan por un lado a hacer un mejor uso de los recursos naturales y avanzar en nuevas opciones de comercializaci\u00f3n.<\/p>\n<p>Sobre los primeros de estos talleres relacionado con la Agroecolog\u00eda se trata de ahondar en el manejo b\u00e1sico de suelos y el recurso h\u00eddrico aplicando principios agroecol\u00f3gicos, mientras que en el segundo m\u00f3dulo dedicado a la comercializaci\u00f3n el objetivo es reconocer\u00a0conceptos del marketing digital basado en redes sociales y aplicar estrategias de acuerdo al p\u00fablico objetivo definido por el cliente, seleccionando canales de difusi\u00f3n de acuerdo a ese grupo objetivo.<\/p>\n","protected":false},"excerpt":{"rendered":"<p>Un grupo de 15 j\u00f3venes rurales en la regi\u00f3n de Atacama est\u00e1n participando de talleres para mejorar su actividad agropecuaria, gracias al apoyo que el&hellip; <\/p>\n","protected":false},"author":2,"featured_media":31667,"comment_status":"open","ping_status":"closed","sticky":false,"template":"","format":"standard","meta":{"footnotes":""},"categories":[38],"tags":[],"class_list":["post-31666","post","type-post","status-publish","format-standard","has-post-thumbnail","hentry","category-portada-regional"],"_links":{"self":[{"href":"https:\/\/www.radioamigavallenar.cl\/index.php?rest_route=\/wp\/v2\/posts\/31666","targetHints":{"allow":["GET"]}}],"collection":[{"href":"https:\/\/www.radioamigavallenar.cl\/index.php?rest_route=\/wp\/v2\/posts"}],"about":[{"href":"https:\/\/www.radioamigavallenar.cl\/index.php?rest_route=\/wp\/v2\/types\/post"}],"author":[{"embeddable":true,"href":"https:\/\/www.radioamigavallenar.cl\/index.php?rest_route=\/wp\/v2\/users\/2"}],"replies":[{"embeddable":true,"href":"https:\/\/www.radioamigavallenar.cl\/index.php?rest_route=%2Fwp%2Fv2%2Fcomments&post=31666"}],"version-history":[{"count":1,"href":"https:\/\/www.radioamigavallenar.cl\/index.php?rest_route=\/wp\/v2\/posts\/31666\/revisions"}],"predecessor-version":[{"id":31668,"href":"https:\/\/www.radioamigavallenar.cl\/index.php?rest_route=\/wp\/v2\/posts\/31666\/revisions\/31668"}],"wp:featuredmedia":[{"embeddable":true,"href":"https:\/\/www.radioamigavallenar.cl\/index.php?rest_route=\/wp\/v2\/media\/31667"}],"wp:attachment":[{"href":"https:\/\/www.radioamigavallenar.cl\/index.php?rest_route=%2Fwp%2Fv2%2Fmedia&parent=31666"}],"wp:term":[{"taxonomy":"category","embeddable":true,"href":"https:\/\/www.radioamigavallenar.cl\/index.php?rest_route=%2Fwp%2Fv2%2Fcategories&post=31666"},{"taxonomy":"post_tag","embeddable":true,"href":"https:\/\/www.radioamigavallenar.cl\/index.php?rest_route=%2Fwp%2Fv2%2Ftags&post=31666"}],"curies":[{"name":"wp","href":"https:\/\/api.w.org\/{rel}","templated":true}]}}